{"id":11378,"date":"2026-02-26T11:56:19","date_gmt":"2026-02-26T10:56:19","guid":{"rendered":"https:\/\/lori.hr\/?p=11378"},"modified":"2026-02-26T12:36:32","modified_gmt":"2026-02-26T11:36:32","slug":"queer-up-by-lori-samonikle-disko-teta","status":"publish","type":"post","link":"https:\/\/lori.hr\/en\/queer-up-by-lori-samonikle-disko-teta\/","title":{"rendered":"Queer-UP! Party by LORI: Samonikle&amp;Disko Teta"},"content":{"rendered":"<p>Hi all \ud83d\ude42<\/p>\n\n\n\n<p>s prvim prizvucima 8. marta i duljih, osun\u010danih dana, vrijeme je da proslavimo na\u0161u snagu, otpornost i borbu \u2014 a to mo\u017eemo zajedno na Queer-UP! Partyju. \ud83d\ude0a<\/p>\n\n\n\n<p>Okupljamo se u susret obilje\u017eavanju 8. marta, u slavljenju otpora i feminizma, a povodom kojeg se \u0107e organizirati i No\u0107ni mar\u0161 kojim brojne udruge, inicijative te gra\u0111anke i gra\u0111ani Rijeke ukazuju na stanje prava \u017eena \u2014 u Hrvatskoj i \u0161ire.<\/p>\n\n\n\n<figure class=\"wp-block-image size-large is-resized\"><img fetchpriority=\"high\" decoding=\"async\" width=\"683\" height=\"1024\" src=\"https:\/\/lori.hr\/wp-content\/uploads\/2026\/02\/sjemeniste-queerup-683x1024.jpg\" alt=\"\" class=\"wp-image-11381\" style=\"width:287px;height:auto\" srcset=\"https:\/\/lori.hr\/wp-content\/uploads\/2026\/02\/sjemeniste-queerup-683x1024.jpg 683w, https:\/\/lori.hr\/wp-content\/uploads\/2026\/02\/sjemeniste-queerup-200x300.jpg 200w, https:\/\/lori.hr\/wp-content\/uploads\/2026\/02\/sjemeniste-queerup-100x150.jpg 100w, https:\/\/lori.hr\/wp-content\/uploads\/2026\/02\/sjemeniste-queerup-8x12.jpg 8w, https:\/\/lori.hr\/wp-content\/uploads\/2026\/02\/sjemeniste-queerup.jpg 700w\" sizes=\"(max-width: 683px) 100vw, 683px\" \/><\/figure>\n\n\n\n<p>U petak se The Rock Pub Rijeka pretvara u diskoteku \u2014 a to ne mo\u017ee pro\u0107i bez na\u0161e neponovljive <strong>Disko Tete! <\/strong>S drag divom Rijeke na pozornici, nikada nije dosadno! \ud83d\udc83<\/p>\n\n\n\n<p>Uz nju, za plesni ugo\u0111aj pobrinut \u0107e se <strong>kolektiv Samonikle<\/strong> \u2014 spontani \u017eenski threesome koji gradi setove po osje\u0107aju, bez pravila i \u017eanrovskih granica.<\/p>\n\n\n\n<figure class=\"wp-block-image size-full is-resized\"><img decoding=\"async\" width=\"800\" height=\"533\" src=\"https:\/\/lori.hr\/wp-content\/uploads\/2026\/02\/Samonikle.jpg\" alt=\"\" class=\"wp-image-11380\" style=\"width:617px;height:auto\" srcset=\"https:\/\/lori.hr\/wp-content\/uploads\/2026\/02\/Samonikle.jpg 800w, https:\/\/lori.hr\/wp-content\/uploads\/2026\/02\/Samonikle-300x200.jpg 300w, https:\/\/lori.hr\/wp-content\/uploads\/2026\/02\/Samonikle-150x100.jpg 150w, https:\/\/lori.hr\/wp-content\/uploads\/2026\/02\/Samonikle-768x512.jpg 768w, https:\/\/lori.hr\/wp-content\/uploads\/2026\/02\/Samonikle-18x12.jpg 18w\" sizes=\"(max-width: 800px) 100vw, 800px\" \/><\/figure>\n\n\n\n<p>\ud83d\udccd Gdje? The Rock Pub Rijeka (Slavka Krautzeka 12)<br>\ud83d\uddd3\ufe0f Kada? Petak, 6. 3. 2026. od 23 sata<br>\ud83c\udf9f\ufe0f Donacije za upad:<br>\u2013 6+ \u20ac do pono\u0107i<br>\u2013 8+ \u20ac nakon pono\u0107i<\/p>\n\n\n\n<p>Na ulazu vas \u201ctradicionalno\u201d \u010dekaju kondomi i lubrikanti #safelove<\/p>\n\n\n\n<p>Kako ka\u017ee Disko Teta: vidimo se na dobroj glazbi, energiji i dragu! \ud83c\udff3\ufe0f\u200d\ud83c\udf08<\/p>","protected":false},"excerpt":{"rendered":"<p>Ekipa, s prvim prizvucima 8. marta i duljih, osun\u010danih dana, vrijeme je da proslavimo na\u0161u snagu, otpornost i borbu \u2014 a to mo\u017eemo zajedno na Queer-UP! Partyju. \ud83d\ude0a Okupljamo se u susret obilje\u017eavanju 8. marta, u slavljenju otpora i feminizma, a povodom kojeg se \u0107e organizirati i No\u0107ni mar\u0161 kojim brojne udruge, inicijative te gra\u0111anke &hellip;<\/p>\n<p class=\"read-more\"> <a class=\"\" href=\"https:\/\/lori.hr\/en\/queer-up-by-lori-samonikle-disko-teta\/\"> <span class=\"screen-reader-text\">Queer-UP! Party by LORI: Samonikle&amp;Disko Teta<\/span> Read More \u00bb<\/a><\/p>","protected":false},"author":1,"featured_media":11379,"comment_status":"closed","ping_status":"closed","sticky":false,"template":"","format":"standard","meta":{"_uag_custom_page_level_css":"","site-sidebar-layout":"default","site-content-layout":"","ast-site-content-layout":"default","site-content-style":"default","site-sidebar-style":"default","ast-global-header-display":"","ast-banner-title-visibility":"","ast-main-header-display":"","ast-hfb-above-header-display":"","ast-hfb-below-header-display":"","ast-hfb-mobile-header-display":"","site-post-title":"","ast-breadcrumbs-content":"","ast-featured-img":"","footer-sml-layout":"","theme-transparent-header-meta":"","adv-header-id-meta":"","stick-header-meta":"","header-above-stick-meta":"","header-main-stick-meta":"","header-below-stick-meta":"","astra-migrate-meta-layouts":"set","footnotes":""},"categories":[4],"tags":[],"class_list":["post-11378","post","type-post","status-publish","format-standard","has-post-thumbnail","hentry","category-vijesti"],"uagb_featured_image_src":{"full":["https:\/\/lori.hr\/wp-content\/uploads\/2026\/02\/queerup3-2026.jpg",1000,523,false],"thumbnail":["https:\/\/lori.hr\/wp-content\/uploads\/2026\/02\/queerup3-2026-150x78.jpg",150,78,true],"medium":["https:\/\/lori.hr\/wp-content\/uploads\/2026\/02\/queerup3-2026-300x157.jpg",300,157,true],"medium_large":["https:\/\/lori.hr\/wp-content\/uploads\/2026\/02\/queerup3-2026-768x402.jpg",768,402,true],"large":["https:\/\/lori.hr\/wp-content\/uploads\/2026\/02\/queerup3-2026.jpg",1000,523,false],"1536x1536":["https:\/\/lori.hr\/wp-content\/uploads\/2026\/02\/queerup3-2026.jpg",1000,523,false],"2048x2048":["https:\/\/lori.hr\/wp-content\/uploads\/2026\/02\/queerup3-2026.jpg",1000,523,false],"trp-custom-language-flag":["https:\/\/lori.hr\/wp-content\/uploads\/2026\/02\/queerup3-2026-18x9.jpg",18,9,true]},"uagb_author_info":{"display_name":"LORI","author_link":"https:\/\/lori.hr\/en\/author\/ikenji\/"},"uagb_comment_info":0,"uagb_excerpt":"Ekipa, s prvim prizvucima 8. marta i duljih, osun\u010danih dana, vrijeme je da proslavimo na\u0161u snagu, otpornost i borbu \u2014 a to mo\u017eemo zajedno na Queer-UP! Partyju. \ud83d\ude0a Okupljamo se u susret obilje\u017eavanju 8. marta, u slavljenju otpora i feminizma, a povodom kojeg se \u0107e organizirati i No\u0107ni mar\u0161 kojim brojne udruge, inicijative te gra\u0111anke&hellip;","_links":{"self":[{"href":"https:\/\/lori.hr\/en\/wp-json\/wp\/v2\/posts\/11378","targetHints":{"allow":["GET"]}}],"collection":[{"href":"https:\/\/lori.hr\/en\/wp-json\/wp\/v2\/posts"}],"about":[{"href":"https:\/\/lori.hr\/en\/wp-json\/wp\/v2\/types\/post"}],"author":[{"embeddable":true,"href":"https:\/\/lori.hr\/en\/wp-json\/wp\/v2\/users\/1"}],"replies":[{"embeddable":true,"href":"https:\/\/lori.hr\/en\/wp-json\/wp\/v2\/comments?post=11378"}],"version-history":[{"count":2,"href":"https:\/\/lori.hr\/en\/wp-json\/wp\/v2\/posts\/11378\/revisions"}],"predecessor-version":[{"id":11383,"href":"https:\/\/lori.hr\/en\/wp-json\/wp\/v2\/posts\/11378\/revisions\/11383"}],"wp:featuredmedia":[{"embeddable":true,"href":"https:\/\/lori.hr\/en\/wp-json\/wp\/v2\/media\/11379"}],"wp:attachment":[{"href":"https:\/\/lori.hr\/en\/wp-json\/wp\/v2\/media?parent=11378"}],"wp:term":[{"taxonomy":"category","embeddable":true,"href":"https:\/\/lori.hr\/en\/wp-json\/wp\/v2\/categories?post=11378"},{"taxonomy":"post_tag","embeddable":true,"href":"https:\/\/lori.hr\/en\/wp-json\/wp\/v2\/tags?post=11378"}],"curies":[{"name":"wp","href":"https:\/\/api.w.org\/{rel}","templated":true}]}}