{"id":3710,"date":"2022-04-06T15:02:00","date_gmt":"2022-04-06T13:02:00","guid":{"rendered":"https:\/\/lori.hr\/?p=3710"},"modified":"2023-04-02T15:03:57","modified_gmt":"2023-04-02T13:03:57","slug":"istrazivanje-o-iskustvima-lgbtiq-osoba-u-obrazovanju","status":"publish","type":"post","link":"https:\/\/lori.hr\/en\/istrazivanje-o-iskustvima-lgbtiq-osoba-u-obrazovanju\/","title":{"rendered":"Prvo istra\u017eivanje u Hrvatskoj o iskustvima mladih LGBTIQ osoba u obrazovanju"},"content":{"rendered":"<p>Mladi su u prosjeku osvijestili svoj LGBTIQ identitet s 14 godina, \u010de\u0161\u0107e se outaju majkama nego o\u010devima, a u kontaktu s novim osobama preko polovice njih skriva svoj LGBTIQ identitet. Do\u017eivljaj po\u0161tovanja i uva\u017eavanja njihovog LGBTIQ identiteta, kao i osje\u0107aj sigurnosti, \u010de\u0161\u0107e su imali tijekom studiranja u odnosu na srednju \u0161kolu, \u0161to ne \u010dudi budu\u0107i da su u srednjoj \u0161koli \u010de\u0161\u0107e do\u017eivjeli nasilje, uz negativno spominjanje LGBTIQ tema u nastavi i nastavnim materijalima.<\/p>\n\n\n\n<p>To su samo neki od rezultata istra\u017eivanja koje je provela istra\u017eiva\u010dica\u00a0<strong>doc. dr. sc. Marina \u0160tambuk<\/strong>\u00a0u suradnji s udrugama\u00a0<strong>Dugine obitelji<\/strong>\u00a0and\u00a0<strong>Lezbijska organizacija Rijeka \u201cLORI<\/strong>\u201d, u sklopu projekta\u00a0<a href=\"https:\/\/lori.hr\/en\/podrzimo-ukljucivo-obrazovanje-gradimo-sigurnu-buducnost\/\" target=\"_blank\" rel=\"noreferrer noopener\">&#8220;Podr\u017eimo uklju\u010divo obrazovanje &#8211; gradimo sigurnu budu\u0107nost&#8221;<\/a>\u00a0kojeg provode spomenute udruge i norve\u0161ka organizacija Norsensus Mediaforum.\u00a0<\/p>\n\n\n\n<p>Vi\u0161e od polovice sudionika i sudionica izjavilo je da su se u srednjom \u0161koli barem jednom susreli sa spominjanjem LGBTIQ tema u negativnom kontekstu, na nastavi ili u nastavnim materijalima, dok je tre\u0107ina to do\u017eivjela vi\u0161e puta ili \u010desto. Tijekom srednje \u0161kole ispitane su osobe \u010de\u0161\u0107e do\u017eivljavali negativne komentare od strane svojih vr\u0161njaka i vr\u0161njakinja u odnosu na fakultet, a&nbsp;<strong>\u010dak 20% njih do\u017eivjelo je verbalno nasilje od strane nastavnog i stru\u010dnog osoblja u srednjoj \u0161koli.&nbsp;<\/strong><\/p>\n\n\n\n<p>Zastra\u0161uju\u0107e je \u0161to&nbsp;<strong>\u010dak 77% mladih LGBTIQ osoba ne zna kome mogu prijaviti nasilje u srednjoj \u0161koli&nbsp;<\/strong>ukoliko ga do\u017eive, i ve\u0107ina je izjavila kako bi im najve\u0107a podr\u0161ka tijekom srednjo\u0161kolskog obrazovanja bila postojanje seksualnog odgoja i obrazovanja u sklopu nastave unutar kojeg bi se govorilo o LGBTIQ temama.<\/p>\n\n\n\n<p>The research&nbsp;<strong>&#8220;Iskustva i potrebe mladih LGBTIQ osoba&#8221;<\/strong>&nbsp;obuhvatilo je&nbsp;<strong>373 sudionika i sudionica iz Hrvatske u dobi izme\u0111u 15 i 30 godina<\/strong>. Njime su se htjele prikupiti spoznaje o iskustvima LGBTIQ mladih u obrazovnom sustavu i potrebama vezanim uz sadr\u017eaje i usluge za LGBTIQ mlade, a provedeno je od srpnja do listopada 2021. godine. Studenti i studentice \u010dine ve\u0107inu uzorka te su prete\u017eno iz Zagreba, Rijeke, Splita, Vara\u017edina i Pule.&nbsp;<\/p>\n\n\n\n<p>Ovo je prvo istra\u017eivanje takve vrste provedeno u Hrvatskoj, i posebice su zanimljive cjeline koje su obra\u0111ene u dijelu koji se odnosi na obrazovanje; koliko su LGBTIQ teme bile zastupljene tijekom obrazovanja ispitanika, koliko su oni bili otvoreni u izra\u017eavanju vlastitog LGBTIQ identiteta, kakve su bile reakcije i komentari na LGBTIQ teme tijekom obrazovanja, jesu li ispitanici do\u017eivjeli nasilje zbog LGBTIQ identiteta i kakvu vrstu podr\u0161ke su ispitanici \u017eeljeli tijekom svog obrazovanja.&nbsp;&nbsp;<\/p>\n\n\n\n<p>Iskustva osoba koje su sudjelovale u fokus grupama provedenim u istra\u017eivanju potvr\u0111uju rezultate &#8211; jedna osoba je tijekom razgovora o svojem odrastanju u manjem gradu izjavila kako \u201e<strong>u mom gradu naprosto nema LGBT+ sadr\u017eaja, zbog \u010dega sam se \u010desto osje\u0107ala<\/strong> <strong>osamljeno, depresivno i kao da sam jedina LGBT osoba na planeti. Bilo kakav sadr\u017eaj dobro bi do\u0161ao\u201c<\/strong>, dok jedna druga osoba jednostavno je rekla da bi joj od neprocjenjive vrijednosti tijekom njenog odrastanja pomogao \u201e<strong>bilo kakav siguran prostor gdje mogu biti ja.\u201c<\/strong><\/p>\n\n\n\n<p>Nadamo se da \u0107e temeljem ovih uvida i rezultata &nbsp;nadle\u017ene institucije poduzeti sve dostupne mjere po pitanju suzbijanja diskriminacije i nasilja u obrazovanju, te donijeti konkretne strategije koje se odnose na suzbijanje nasilja na temelju seksualne orijentacije, rodnog identiteta i\/ili rodnog izra\u017eavanja.<\/p>\n\n\n\n<p>Cijelo istra\u017eivanje mo\u017eete preuzeti\u00a0<a href=\"https:\/\/lori.hr\/wp-content\/uploads\/2023\/04\/Iskustva_i_potrebe_mladih_LGBTIQ_osoba_u_Hrvatskoj.pdf\" target=\"_blank\" rel=\"noreferrer noopener\">here<\/a>.<\/p>\n\n\n\n<figure class=\"wp-block-image size-full\"><img decoding=\"async\" width=\"300\" height=\"105\" src=\"https:\/\/lori.hr\/wp-content\/uploads\/2023\/03\/Active-citizens-fund_White_tmb-1.png\" alt=\"\" class=\"wp-image-3419\"\/><\/figure>\n\n\n\n<p><em>Istra\u017eivanje je dio projekta \u201ePodr\u017eimo uklju\u010divo obrazovanje &#8211; gradimo sigurnu budu\u0107nost\u201c kojeg provode Lezbijska organizacija Rijeka \u201eLORI\u201c i partnerice Dugine obitelji i Norsensus Mediaforum (Norve\u0161ka), u razdoblju od 1.1.2021. do 28.2.2023. godine. Projekt je podr\u017ean sa 129.600,00 \u20ac financijske podr\u0161ke Islanda, Lihten\u0161tajna i Norve\u0161ke u okviru EGP i Norve\u0161kih grantova.<\/em><\/p>\n\n\n\n<figure class=\"wp-block-image size-full\"><img fetchpriority=\"high\" decoding=\"async\" width=\"650\" height=\"129\" src=\"https:\/\/lori.hr\/wp-content\/uploads\/2023\/03\/Logotipi_ACF.png\" alt=\"\" class=\"wp-image-3420\" srcset=\"https:\/\/lori.hr\/wp-content\/uploads\/2023\/03\/Logotipi_ACF.png 650w, https:\/\/lori.hr\/wp-content\/uploads\/2023\/03\/Logotipi_ACF-300x60.png 300w\" sizes=\"(max-width: 650px) 100vw, 650px\" \/><\/figure>","protected":false},"excerpt":{"rendered":"<p>Mladi su u prosjeku osvijestili svoj LGBTIQ identitet s 14 godina, \u010de\u0161\u0107e se outaju majkama nego o\u010devima, a u kontaktu s novim osobama preko polovice njih skriva svoj LGBTIQ identitet. Do\u017eivljaj po\u0161tovanja i uva\u017eavanja njihovog LGBTIQ identiteta, kao i osje\u0107aj sigurnosti, \u010de\u0161\u0107e su imali tijekom studiranja u odnosu na srednju \u0161kolu, \u0161to ne \u010dudi budu\u0107i &hellip;<\/p>\n<p class=\"read-more\"> <a class=\"\" href=\"https:\/\/lori.hr\/en\/istrazivanje-o-iskustvima-lgbtiq-osoba-u-obrazovanju\/\"> <span class=\"screen-reader-text\">Prvo istra\u017eivanje u Hrvatskoj o iskustvima mladih LGBTIQ osoba u obrazovanju<\/span> Read More \u00bb<\/a><\/p>","protected":false},"author":1,"featured_media":3712,"comment_status":"closed","ping_status":"open","sticky":false,"template":"","format":"standard","meta":{"_uag_custom_page_level_css":"","site-sidebar-layout":"default","site-content-layout":"","ast-site-content-layout":"","site-content-style":"default","site-sidebar-style":"default","ast-global-header-display":"","ast-banner-title-visibility":"","ast-main-header-display":"","ast-hfb-above-header-display":"","ast-hfb-below-header-display":"","ast-hfb-mobile-header-display":"","site-post-title":"","ast-breadcrumbs-content":"","ast-featured-img":"","footer-sml-layout":"","theme-transparent-header-meta":"","adv-header-id-meta":"","stick-header-meta":"","header-above-stick-meta":"","header-main-stick-meta":"","header-below-stick-meta":"","astra-migrate-meta-layouts":"","footnotes":""},"categories":[26,16],"tags":[],"class_list":["post-3710","post","type-post","status-publish","format-standard","has-post-thumbnail","hentry","category-podrzimo-ukljucivo-obrazovanje-gradimo-sigurnu-buducnost","category-projekti"],"uagb_featured_image_src":{"full":["https:\/\/lori.hr\/wp-content\/uploads\/2023\/04\/istraivanje_photo.jpg",751,716,false],"thumbnail":["https:\/\/lori.hr\/wp-content\/uploads\/2023\/04\/istraivanje_photo-150x150.jpg",150,150,true],"medium":["https:\/\/lori.hr\/wp-content\/uploads\/2023\/04\/istraivanje_photo-300x286.jpg",300,286,true],"medium_large":["https:\/\/lori.hr\/wp-content\/uploads\/2023\/04\/istraivanje_photo.jpg",751,716,false],"large":["https:\/\/lori.hr\/wp-content\/uploads\/2023\/04\/istraivanje_photo.jpg",751,716,false],"1536x1536":["https:\/\/lori.hr\/wp-content\/uploads\/2023\/04\/istraivanje_photo.jpg",751,716,false],"2048x2048":["https:\/\/lori.hr\/wp-content\/uploads\/2023\/04\/istraivanje_photo.jpg",751,716,false],"trp-custom-language-flag":["https:\/\/lori.hr\/wp-content\/uploads\/2023\/04\/istraivanje_photo.jpg",13,12,false]},"uagb_author_info":{"display_name":"LORI","author_link":"https:\/\/lori.hr\/en\/author\/ikenji\/"},"uagb_comment_info":0,"uagb_excerpt":"Mladi su u prosjeku osvijestili svoj LGBTIQ identitet s 14 godina, \u010de\u0161\u0107e se outaju majkama nego o\u010devima, a u kontaktu s novim osobama preko polovice njih skriva svoj LGBTIQ identitet. Do\u017eivljaj po\u0161tovanja i uva\u017eavanja njihovog LGBTIQ identiteta, kao i osje\u0107aj sigurnosti, \u010de\u0161\u0107e su imali tijekom studiranja u odnosu na srednju \u0161kolu, \u0161to ne \u010dudi budu\u0107i&hellip;","_links":{"self":[{"href":"https:\/\/lori.hr\/en\/wp-json\/wp\/v2\/posts\/3710","targetHints":{"allow":["GET"]}}],"collection":[{"href":"https:\/\/lori.hr\/en\/wp-json\/wp\/v2\/posts"}],"about":[{"href":"https:\/\/lori.hr\/en\/wp-json\/wp\/v2\/types\/post"}],"author":[{"embeddable":true,"href":"https:\/\/lori.hr\/en\/wp-json\/wp\/v2\/users\/1"}],"replies":[{"embeddable":true,"href":"https:\/\/lori.hr\/en\/wp-json\/wp\/v2\/comments?post=3710"}],"version-history":[{"count":1,"href":"https:\/\/lori.hr\/en\/wp-json\/wp\/v2\/posts\/3710\/revisions"}],"predecessor-version":[{"id":3713,"href":"https:\/\/lori.hr\/en\/wp-json\/wp\/v2\/posts\/3710\/revisions\/3713"}],"wp:featuredmedia":[{"embeddable":true,"href":"https:\/\/lori.hr\/en\/wp-json\/wp\/v2\/media\/3712"}],"wp:attachment":[{"href":"https:\/\/lori.hr\/en\/wp-json\/wp\/v2\/media?parent=3710"}],"wp:term":[{"taxonomy":"category","embeddable":true,"href":"https:\/\/lori.hr\/en\/wp-json\/wp\/v2\/categories?post=3710"},{"taxonomy":"post_tag","embeddable":true,"href":"https:\/\/lori.hr\/en\/wp-json\/wp\/v2\/tags?post=3710"}],"curies":[{"name":"wp","href":"https:\/\/api.w.org\/{rel}","templated":true}]}}