{"id":3714,"date":"2022-07-18T15:10:00","date_gmt":"2022-07-18T13:10:00","guid":{"rendered":"https:\/\/lori.hr\/?p=3714"},"modified":"2023-04-02T15:11:43","modified_gmt":"2023-04-02T13:11:43","slug":"moja-strucna-praksa-u-udruzi-lori","status":"publish","type":"post","link":"https:\/\/lori.hr\/en\/moja-strucna-praksa-u-udruzi-lori\/","title":{"rendered":"Rad s mladima u obrazovanju: moja stru\u010dna praksa u udruzi LORI"},"content":{"rendered":"<p>Studentica sam druge godine sveu\u010dili\u0161nog jednopredmetnog diplomskog studija pedagogije u Rijeci te sam u sklopu kolegija \u201ePrakti\u010dan rad 2\u201c, kojeg sam poha\u0111ala tijekom zimskog semestra 2021.\/2022. akademske godine, odlu\u010dila svojih 100 sati&nbsp;prakse iskoristiti za suradnju s udrugom LORI s ciljem boljeg upoznavanja njihovog rada u podru\u010dju obrazovanja. &nbsp;Na po\u010detku prakse sam sa svojim mentoricama u udruzi detaljno dogovorila plan prakse koji se&nbsp; sastojao od nekoliko aktivnosti usmjerenih razvijanju dodatnih znanja i vje\u0161tina za rad s mladima u podru\u010dju obrazovanja o ljudskim pravima i LGBTIQ temama. Aktivnosti su uklju\u010divale prou\u010davanje materijala za predavanja o LGBTIQ temama u srednjim \u0161kolama i pripremu za izvo\u0111enje predavanja, odr\u017eavanje predavanja za u\u010denike i u\u010denice srednjih \u0161kola i kreiranje nove radionice za u\u010denike i u\u010denice osnovnih \u0161kola.<\/p>\n\n\n\n<p>Tako\u0111er, uklju\u010divale su upoznavanje s na\u010dinom evaluacije odr\u017eanih predavanja i rad na podizanju vidljivosti putem dru\u0161tvenih mre\u017ea LORI. Voljela bih jo\u0161 samo nadodati da sam sa svojim mentoricama, odnosno aktivistkinjama udruge LORI imala ve\u0107 prilike sura\u0111ivati tijekom kolegija \u201eRod, seksualnost, identiteti \u2013 od opresije do ravnopravnosti\u201c. Kolegij se izvodi na Odsjeku za kulturalne studije Filozofskog fakulteta u Rijeci u suradnji Centra za \u017eenske studije FFRI s rije\u010dkim udrugama&nbsp;LORI,&nbsp;PaRiter&nbsp;i&nbsp;SOS Rijeka (<a href=\"https:\/\/www.hood.hr\/\" target=\"_blank\" rel=\"noreferrer noopener\">https:\/\/www.hood.hr\/<\/a>). Nakon zavr\u0161etka tog kolegija znala sam da \u017eelim nastaviti suradnju s udrugom s obzirom na pozitivno iskustvo koje sam do\u017eivjela kroz njihovo mentorstvo na kolegiju.<\/p>\n\n\n\n<p>A sada \u0107u vas malo detaljnije provesti kroz moju prasku i ono \u0161to sam nau\u010dila kroz to iskustvo. Kao \u0161to sam to prethodno spomenula, tijekom prakse sam imala priliku uklju\u010diti se u odr\u017eavanje predavanja za mlade u srednjim \u0161kolama kao dio projekta \u201e<a href=\"https:\/\/lori.hr\/en\/podrzimo-ukljucivo-obrazovanje-gradimo-sigurnu-buducnost\/\" target=\"_blank\" rel=\"noreferrer noopener\">Supporting Inclusive Education - Building a Safe Future<\/a>\u201c u razdoblju od o\u017eujka do lipnja 2022. godine u pet srednjih \u0161kola u Rijeci i okolici.<\/p>\n\n\n\n<figure class=\"wp-block-image size-full\"><img fetchpriority=\"high\" decoding=\"async\" width=\"600\" height=\"202\" src=\"https:\/\/lori.hr\/wp-content\/uploads\/2023\/04\/Predavanje-PRHG-29032022.jpg\" alt=\"\" class=\"wp-image-3715\" srcset=\"https:\/\/lori.hr\/wp-content\/uploads\/2023\/04\/Predavanje-PRHG-29032022.jpg 600w, https:\/\/lori.hr\/wp-content\/uploads\/2023\/04\/Predavanje-PRHG-29032022-300x101.jpg 300w\" sizes=\"(max-width: 600px) 100vw, 600px\" \/><\/figure>\n\n\n\n<p>Moj anga\u017eman u sklopu odr\u017eavanja predavanja sastojao se\u00a0 od individualnog pripremanja za predavanje i samog odr\u017eavanja \u00a0predavanja. Taj je korak bio vrlo bitan za mene s obzirom na to da sam u udrugu LORI stigla sa siroma\u0161nim znanjem o nekim pojmovima vezanim uz samu LGBTIQ tematiku. Ono \u0161to mi je bilo najte\u017ee za razumjeti je \u0161to zna\u010di \u201etransrodnost\u201c i \u0161to zna\u010di \u201einterspolnost\u201c. Koriste\u0107i se dostupnom literaturom poput web stranice udruge LORI,\u00a0<a href=\"https:\/\/lori.hr\/en\/publikacije\/\" target=\"_blank\" rel=\"noreferrer noopener\">publikacija i bro\u0161ura<\/a>\u00a0nau\u010dila sam \u00a0da je \u201e<em>transrodna osoba, osoba \u010diji je rodni identitet razli\u010dit od spola pripisanog osobi pri ro\u0111enju. Transrodne osobe mogu biti heteroseksualne, lezbijke, gej, biseksualne osobe ili neke druge seksualne orijentacije.\u201c,\u00a0<\/em>(LORI, 2020) dok je \u201e<em>interspolnost pojam koji se odnosi na niz fizi\u010dkih osobina ili varijacija koje se nalaze izme\u0111u stereotipnih ideala mu\u0161kog i \u017eenskog. Interspolne osobe ro\u0111ene su s fizi\u010dkim, hormonalnim i genetskim zna\u010dajkama koje se ne mogu definirati kategorijama \u201c\u017eenskog\u201d i \u201cmu\u0161kog\u201d. Postoje mnogi oblici interspolnosti, te je ona krovni pojam za spektar mno\u0161tva oblika, prije negoli jedinstvena kategorija.\u201c\u00a0<\/em>(LORI, 2020). Uz prethodno spomenuto, usvojila sam znanja i o drugoj terminologiji koja se koristi u kontekstu LGBTIQ+ osoba, a posebno sam uvidjela va\u017enost rodnog identiteta svakog pojedinca te va\u017enost podr\u017eavanja unutarnjeg osje\u0107aja svakog od nas o tome tko smo i koga volimo. Nau\u010dila sam da slovo Q u kratici LGBTIQ+ ozna\u010dava\u00a0<em>queer osobe\u00a0<\/em>te sam s time u vezi nau\u010dila i tko su\u00a0<em>queer osobe<\/em>. Ono \u0161to sam tako\u0111er osvijestila je da se slova L, G i B odnose na seksualnu orijentaciju dok se slova T, I odnose na rodni i spolni identitet. Ono \u0161to mi je bilo poprili\u010dno zanimljivo je i + na kraju kratice koji ozna\u010dava da postoji jo\u0161 mnogo rodnih identiteta i seksualnih orijentacija koje nisu navedene u kratici.<\/p>\n\n\n\n<figure class=\"wp-block-image size-full\"><img decoding=\"async\" width=\"600\" height=\"270\" src=\"https:\/\/lori.hr\/wp-content\/uploads\/2023\/04\/Predavanje-Medicinska_13042022-rotated.jpg\" alt=\"\" class=\"wp-image-3716\" srcset=\"https:\/\/lori.hr\/wp-content\/uploads\/2023\/04\/Predavanje-Medicinska_13042022-rotated.jpg 600w, https:\/\/lori.hr\/wp-content\/uploads\/2023\/04\/Predavanje-Medicinska_13042022-300x135.jpg 300w\" sizes=\"(max-width: 600px) 100vw, 600px\" \/><\/figure>\n\n\n\n<p>Osim individualnog prou\u010davanja materijala i literature, tijekom predavanja sam imala priliku uvidjeti reakcije u\u010denika i u\u010denica na teme LGBTIQ+ terminologije, seksualne orijentacije, rodnog identiteta, roda i spola, ljudskih prava, nasilja i coming outa, te njihovu motiviranost za sudjelovanje u raspravama i znati\u017eelju da usvoje \u0161to vi\u0161e informacija. U kontekstu LGBTIQ+ terminologije, fokusirale smo se na razumijevanje kratice, razliku izme\u0111u roda i spola, izme\u0111u rodnog identiteta i seksualne orijentacije i sli\u010dno. U temi nasilja smo se fokusirale na vrste nasilja pa smo tako spomenule: verbalno, neverbalno, fizi\u010dko, cyber, vr\u0161nja\u010dko i druga nasilja te zlo\u010din iz mr\u017enje. Kod ljudskih prava orijentirale smo se na, po nama, 6 jako va\u017enih ljudskih prava, a ona su: pravo \u017eivot, pravo na jednakost i diskriminaciju, pravo na osobnu sigurnost, pravo na obrazovanje, pravo na rad, pravo na javno okupljanje i pravo na osnivanje obitelji. Na kraju smo se kroz temu&nbsp;<em>coming out-a<\/em>&nbsp;osvrnule na to da je&nbsp;<em>coming out<\/em>&nbsp;<strong>proces<\/strong>&nbsp;koji&nbsp;<strong>traje<\/strong>. To nije trenutak koji se dogodi, koji do\u0111e&nbsp; i pro\u0111e, ve\u0107 mje\u0161avina svakakvih emocija (pozitivnih i negativnih) gdje je osoba u ve\u0107ini slu\u010dajeva diskriminirana i stereotipizirana od strane svoje okoline. Na kraju svakog predavanja u\u010denicima i u\u010denicama su bili podijeljeni evaluacijski listi\u0107i koji su nama predava\u010dicama slu\u017eili kao povratna informacija o informiranosti mladih o pojedinim temama i o njihovoj senzibiliziranosti. U sklopu toga, nau\u010dila sam neke administrativne zadatke koji su povezani s pripremanjem evaluacijskih listi\u0107a te njihovim pohranjivanjem.<\/p>\n\n\n\n<p>Prethodno sam spomenula i osmi\u0161ljavanje predavanja za osnovne \u0161kole \u010diji je cilj bio u\u010denike\/ice informirati i senzibilizirati o spomenutim temama, no uz prilago\u0111eni sadr\u017eaj i pristup. U tom procesu, moj je anga\u017eman bio poprili\u010dno pove\u0107an iz razloga \u0161to sam, uz pomo\u0107 svojih mentorica iz udruge LORI te jedne od volonterki, uspjela osmisliti novu radionicu tijekom koje bi se osnovno\u0161kolskoj populaciji mogao prenijeti sadr\u017eaji o LGBTIQ+ terminologiji, nasilju te vrstama nasilja, ljudskim pravima i procesu coming outa. Ne\u0107u vas lagati i podijelit \u0107u s vama da sam nakon finaliziranja te radionice bila poprili\u010dno ponosna na sebe te sam znala da sam u\u010dinila veliki korak za sebe i na\u0161e dru\u0161tvo! Emocije koje sam osje\u0107ala bile su pozitivnog tipa, a primaran razlog je&nbsp; taj \u0161to sam znala da bez obzira koliko malen moj doprinos bio, postojan je te sam time doprinijela boljitku dru\u0161tva i budu\u0107ih generacija. Jo\u0161 se ve\u0107a sre\u0107a u meni rodila nakon \u0161to su mentorice provele tu istu radionicu te mi dale pozitivnu povratnu informaciju na postoje\u0107i koncept. To je bila jedna \u201emini pobjeda\u201c za mene i moje obrazovanje.<\/p>\n\n\n\n<p>Uz iskustvo pripremanja i odr\u017eavanja predavanja u srednjim \u0161kolama te sudjelovanja u osmi\u0161ljavanju predavanja\/radionica za osnovne \u0161kole, imala sam priliku&nbsp; i educirati se u podru\u010dju rada na &nbsp;dru\u0161tvenim mre\u017eama u kontekstu podizanja vidljivosti o predavanjima koja smo zajedno provodile. To je bilo jedno potpuno novo, no vrlo edukativno i zabavno iskustvo za mene. Dijeljenje s vjernim pratiteljima i pratiteljicama udruge LORI osnovne informacije o predavanjima predstavljalo je krunu mog djelovanja i doprinosa u suzbijanju homo\/bi\/transfobije u srednjim \u0161kolama.<\/p>\n\n\n\n<p>E sad, nekoliko rije\u010di za kraj. Nakon \u010detiri mjeseca aktivnog anga\u017emana u udruzi moram spomenuti ogroman trud koji zaposlene osobe i aktivistkinje udruge LORI svakodnevno ula\u017eu s ciljem suzbijanja homo\/bi\/transfobije te ja\u010danja znanja LGBTIQ+ mladih. \u201eLorice\u201c to \u010dine kroz razne projekte poput \u201e<a href=\"https:\/\/lori.hr\/en\/glasovi-mladih-za-drustvene-promjene\/\" target=\"_blank\" rel=\"noreferrer noopener\">Youth Voices for Social Changes<\/a>\u201c i \u201e<a href=\"https:\/\/lori.hr\/hr\/radnopravnost-svima\/889-nastavljamo-radnopravnost-svima\">Work Equality for All<\/a>\u201c. Moja osobna perspektiva \u0161to se ti\u010de informiranosti i senzibiliziranost mladih o LGBTIQ+ temama je da je dio u\u010denika i u\u010denica informiran i senzibiliziran, dok drugi dio nije i tu ima jo\u0161 prostora za suradnje i rad s mladima. To zna\u010di da ima tu jo\u0161 puno posla, ali sigurna sam da ako netko mo\u017ee i ho\u0107e u\u010diniti promjenu da su to cure iz udruge LORI.<\/p>\n\n\n\n<p><em>Kris Dragi\u010devi\u0107, studentica 2. godine jednopredmetnog studija pedagogije u Rijeci<\/em><\/p>\n\n\n\n<p class=\"has-small-font-size\"><em>Tekst je nastao kao dio\u00a0stru\u010dne prakse studentice Kris Dragi\u010devi\u0107 s ciljem informiranja o radu udruge LORI u podru\u010dju obrazovanja iz osobne perspektive studentice.\u00a0Tako\u0111er, informativni \u010dlanak dio je projekta \u201ePodr\u017eimo uklju\u010divo obrazovanje &#8211; gradimo sigurnu budu\u0107nost\u201c kojeg provode Lezbijska organizacija Rijeka \u201eLORI\u201c i partnerice Dugine obitelji i Norsensus Mediaforum (Norve\u0161ka), u razdoblju od 1.1.2021. do 28.2.2023. godine. Projekt je podr\u017ean sa 129.600,00 \u20ac financijske podr\u0161ke Islanda, Lihten\u0161tajna i Norve\u0161ke u okviru EGP i Norve\u0161kih grantova.<\/em><\/p>\n\n\n\n<figure class=\"wp-block-image size-full\"><img decoding=\"async\" width=\"300\" height=\"105\" src=\"https:\/\/lori.hr\/wp-content\/uploads\/2023\/03\/Active-citizens-fund_White_tmb-1.png\" alt=\"\" class=\"wp-image-3419\"\/><\/figure>\n\n\n\n<figure class=\"wp-block-image size-full\"><img loading=\"lazy\" decoding=\"async\" width=\"650\" height=\"129\" src=\"https:\/\/lori.hr\/wp-content\/uploads\/2023\/03\/Logotipi_ACF.png\" alt=\"\" class=\"wp-image-3420\" srcset=\"https:\/\/lori.hr\/wp-content\/uploads\/2023\/03\/Logotipi_ACF.png 650w, https:\/\/lori.hr\/wp-content\/uploads\/2023\/03\/Logotipi_ACF-300x60.png 300w\" sizes=\"(max-width: 650px) 100vw, 650px\" \/><\/figure>","protected":false},"excerpt":{"rendered":"<p>Studentica sam druge godine sveu\u010dili\u0161nog jednopredmetnog diplomskog studija pedagogije u Rijeci te sam u sklopu kolegija \u201ePrakti\u010dan rad 2\u201c, kojeg sam poha\u0111ala tijekom zimskog semestra 2021.\/2022. akademske godine, odlu\u010dila svojih 100 sati&nbsp;prakse iskoristiti za suradnju s udrugom LORI s ciljem boljeg upoznavanja njihovog rada u podru\u010dju obrazovanja. &nbsp;Na po\u010detku prakse sam sa svojim mentoricama u &hellip;<\/p>\n<p class=\"read-more\"> <a class=\"\" href=\"https:\/\/lori.hr\/en\/moja-strucna-praksa-u-udruzi-lori\/\"> <span class=\"screen-reader-text\">Rad s mladima u obrazovanju: moja stru\u010dna praksa u udruzi LORI<\/span> Read More \u00bb<\/a><\/p>","protected":false},"author":1,"featured_media":3717,"comment_status":"closed","ping_status":"open","sticky":false,"template":"","format":"standard","meta":{"_uag_custom_page_level_css":"","site-sidebar-layout":"default","site-content-layout":"","ast-site-content-layout":"","site-content-style":"default","site-sidebar-style":"default","ast-global-header-display":"","ast-banner-title-visibility":"","ast-main-header-display":"","ast-hfb-above-header-display":"","ast-hfb-below-header-display":"","ast-hfb-mobile-header-display":"","site-post-title":"","ast-breadcrumbs-content":"","ast-featured-img":"","footer-sml-layout":"","theme-transparent-header-meta":"","adv-header-id-meta":"","stick-header-meta":"","header-above-stick-meta":"","header-main-stick-meta":"","header-below-stick-meta":"","astra-migrate-meta-layouts":"","footnotes":""},"categories":[26,16],"tags":[],"class_list":["post-3714","post","type-post","status-publish","format-standard","has-post-thumbnail","hentry","category-podrzimo-ukljucivo-obrazovanje-gradimo-sigurnu-buducnost","category-projekti"],"uagb_featured_image_src":{"full":["https:\/\/lori.hr\/wp-content\/uploads\/2023\/04\/rsz_kris_praksa.jpg",820,601,false],"thumbnail":["https:\/\/lori.hr\/wp-content\/uploads\/2023\/04\/rsz_kris_praksa-150x150.jpg",150,150,true],"medium":["https:\/\/lori.hr\/wp-content\/uploads\/2023\/04\/rsz_kris_praksa-300x220.jpg",300,220,true],"medium_large":["https:\/\/lori.hr\/wp-content\/uploads\/2023\/04\/rsz_kris_praksa-768x563.jpg",768,563,true],"large":["https:\/\/lori.hr\/wp-content\/uploads\/2023\/04\/rsz_kris_praksa.jpg",820,601,false],"1536x1536":["https:\/\/lori.hr\/wp-content\/uploads\/2023\/04\/rsz_kris_praksa.jpg",820,601,false],"2048x2048":["https:\/\/lori.hr\/wp-content\/uploads\/2023\/04\/rsz_kris_praksa.jpg",820,601,false],"trp-custom-language-flag":["https:\/\/lori.hr\/wp-content\/uploads\/2023\/04\/rsz_kris_praksa.jpg",16,12,false]},"uagb_author_info":{"display_name":"LORI","author_link":"https:\/\/lori.hr\/en\/author\/ikenji\/"},"uagb_comment_info":0,"uagb_excerpt":"Studentica sam druge godine sveu\u010dili\u0161nog jednopredmetnog diplomskog studija pedagogije u Rijeci te sam u sklopu kolegija \u201ePrakti\u010dan rad 2\u201c, kojeg sam poha\u0111ala tijekom zimskog semestra 2021.\/2022. akademske godine, odlu\u010dila svojih 100 sati&nbsp;prakse iskoristiti za suradnju s udrugom LORI s ciljem boljeg upoznavanja njihovog rada u podru\u010dju obrazovanja. &nbsp;Na po\u010detku prakse sam sa svojim mentoricama u&hellip;","_links":{"self":[{"href":"https:\/\/lori.hr\/en\/wp-json\/wp\/v2\/posts\/3714","targetHints":{"allow":["GET"]}}],"collection":[{"href":"https:\/\/lori.hr\/en\/wp-json\/wp\/v2\/posts"}],"about":[{"href":"https:\/\/lori.hr\/en\/wp-json\/wp\/v2\/types\/post"}],"author":[{"embeddable":true,"href":"https:\/\/lori.hr\/en\/wp-json\/wp\/v2\/users\/1"}],"replies":[{"embeddable":true,"href":"https:\/\/lori.hr\/en\/wp-json\/wp\/v2\/comments?post=3714"}],"version-history":[{"count":1,"href":"https:\/\/lori.hr\/en\/wp-json\/wp\/v2\/posts\/3714\/revisions"}],"predecessor-version":[{"id":3718,"href":"https:\/\/lori.hr\/en\/wp-json\/wp\/v2\/posts\/3714\/revisions\/3718"}],"wp:featuredmedia":[{"embeddable":true,"href":"https:\/\/lori.hr\/en\/wp-json\/wp\/v2\/media\/3717"}],"wp:attachment":[{"href":"https:\/\/lori.hr\/en\/wp-json\/wp\/v2\/media?parent=3714"}],"wp:term":[{"taxonomy":"category","embeddable":true,"href":"https:\/\/lori.hr\/en\/wp-json\/wp\/v2\/categories?post=3714"},{"taxonomy":"post_tag","embeddable":true,"href":"https:\/\/lori.hr\/en\/wp-json\/wp\/v2\/tags?post=3714"}],"curies":[{"name":"wp","href":"https:\/\/api.w.org\/{rel}","templated":true}]}}