{"id":7283,"date":"2010-11-02T19:13:00","date_gmt":"2010-11-02T18:13:00","guid":{"rendered":"https:\/\/lori.hr\/?p=7283"},"modified":"2023-05-11T20:38:59","modified_gmt":"2023-05-11T18:38:59","slug":"divljenje-spram-divljanja","status":"publish","type":"post","link":"https:\/\/lori.hr\/en\/divljenje-spram-divljanja\/","title":{"rendered":"Divljenje spram divljanja"},"content":{"rendered":"<p>Kastavski \u017eupnik, vele\u010dasni (kako to gordo zvu\u010di) Franjo Jur\u010devi\u0107, imao je potrebu na svom blogu (<a href=\"http:\/\/zupnik.blog.hr\/\" target=\"_blank\" rel=\"noreferrer noopener nofollow\">http:\/\/zupnik.blog.hr<\/a>) osvrnuti se na doga\u0111aje u Beogradu 10. listopada 2010., u kojima je u divljanju navija\u010dkih, neonacisti\u010dkih i sli\u010dnih skupina ozlije\u0111eno oko 150 osoba, ve\u0107inom policajaca, uhi\u0107eno preko 200 izgrednika te po\u010dinjena materijalna \u0161teta od vi\u0161e od milijun eura, a do kojih je do\u0161lo u povodu odr\u017eavanja beogradske parade ponosa (prve nakon devet dugih godina).<\/p>\n\n\n\n<p>Taj vrli sve\u0107enik sasvim je jasno i nedvosmisleno izrazio podr\u0161ku onima koji su tog dana uni\u0161tavali automobile i izloge, maltretirali prolaznike, uni\u0161tili mobilni mamograf u trenutku u kojem su se odvijali pregledi, kamenjem i molotovljevim koktelima napadali policiju, paralizirali grad i uvrijedili njegove stanovnike. On je izrazio divljenje spram njihovog divljanja jer u njegovom uskogrudnom svijetu cilj opravdava sredstvo \u2013 a cilj je, naravno, svet: obra\u010dun s, kako sam ka\u017ee, &#8220;moralnim nakazama i psihopatima&#8221;.&nbsp;<\/p>\n\n\n\n<p>Sve\u0107enik crkve koja bi trebala biti utemeljena na miru, toleranciji i nenasilju ne samo da odobrava vandalski \u010din onih koji, primjerice, smatraju da je demoliranje trgovine i kra\u0111a robe iz nje primjeren na\u010din izra\u017eavanja negativnog stava prema homoseksualnosti, ve\u0107 i \u2013 isti\u010du\u0107i ono \u0161to se dogodilo u Beogradu kao primjer \u2013 poziva Zagrep\u010dane protivnike gej prajda na lin\u010d &#8220;kada ovi bolesnici okupiraju javne puteve i javne povr\u0161ine&#8221;. A za one kojima rije\u010di nisu dovoljna motivacija prila\u017ee i snimku nereda, kako bi zagreba\u010dki &#8220;normalni&#8221; znali kako se obu\u0107i i pona\u0161ati na taj dan.<\/p>\n\n\n\n<p>I, na\u017ealost, nije usamljen u tome. Razni &#8220;\u017eupnikovi prijatelji&#8221; na njegovom blogu ostavljaju komentare u kojima ga brane i obja\u0161njavaju \u0161to je on zapravo htio re\u0107i te isti\u010du kako njegov omanji tekst ne odi\u0161e mr\u017enjom i nije poziv na fizi\u010dki obra\u010dun; i on je sam u kasnijem napisu i prilogu televizijske emisije Hrvatska u\u017eivo poku\u0161ao ubla\u017eiti i objasniti prvotnu izjavu. No, je li zaista potrebno obja\u0161njenje i naknadno tuma\u010denje ovih rije\u010di: &#8220;jedino mi je \u017eao \u0161to je toliko policajaca nastradali [sic!]: po mome policija se je trebala povu\u0107i i dozvoliti normalnima da sa tim bolesnicima malo prodiskutiraju&#8221;? Misli li zaista itko da bi navedeni &#8220;normalni&#8221; diskutirali s navedenim &#8220;bolesnima&#8221;? T\u0201 da se ovi prvi znaju slu\u017eiti rije\u010dima, ne bi se slu\u017eili \u0161akama (kamenjem, molotovljevim koktelima, i\u0161\u010dupanim prometnim znakovima i sli\u010dnim priru\u010dnim ili pak unaprijed pripremljenim oru\u017ejem). Osim toga, treba li zaista neonaciste pitati \u0161to misle o ljudskim pravima?!<\/p>\n\n\n\n<p>Vjerojatniji je scenarij da bi se dogodilo krvoproli\u0107e gore od onoga u istom gradu prije devet godina, kad se policija zaista povukla i dozvolila, da se poslu\u017eimo popovim izrazom, &#8220;diskusiju&#8221;.<\/p>\n\n\n\n<p>Jo\u0161 se jedno pitanje ovdje name\u0107e: ako ni sam \u017eupnik nije vje\u0161t s rije\u010dima (pa se nije najbolje izrazio), nije li odabrao krivi poziv? Umjesto posla u kojem se uglavnom barata rije\u010dima, mogao je odabrati neki fizi\u010dki: mo\u017eda bi bio vje\u0161tiji u dr\u017eanju pneumatske bu\u0161ilice ili radu u rudniku. No, to je pitanje kojim se treba baviti njegova mati\u010dna organizacija, koja se nije ba\u0161 proslavila rje\u0161avanjem problema unutar svojih redova. Ovo je jo\u0161 jedan takav slu\u010daj.<\/p>\n\n\n\n<p>Nadbiskupijino nemu\u0161to ogra\u0111ivanje od njegovih mrzila\u010dkih rije\u010di (kako on ne izra\u017eava stavove Crkve, ve\u0107 svoje osobno mi\u0161ljenje i to \u010dini na svom privatnom blogu) uspje\u0161no potkopava sama internetska adresa doti\u010dnog bloga (jednostavnog naziva: zupnik.blog.hr), sve\u0107enikovo potpisivanje svojih uradaka s &#8220;Franjo Jur\u010devi\u0107, \u017eupnik&#8221;, kao i obveza no\u0161enja sve\u0107eni\u010dkog odijela (pa tako i u navedenom televizijskom prilogu). Kad je osoba odjevena u slu\u017ebenu odoru i\/ili u potpisu navodi svoju funkciju ili zanimanje, nema govora o iskazivanju privatnog mi\u0161ljenja. Sli\u010dan slu\u010daj je kada u neku emisiju bude pozvan Vladimir Gruden kao psihijatar pa onda iznosi svoje &#8220;privatne&#8221; negativne stavove o istospolnoj orijentaciji.<\/p>\n\n\n\n<p>Obojica svoja vlastita mi\u0161ljenja ne mogu iznositi u slu\u017ebenoj funkciji (rekli bi Amerikanci: not on company time), ve\u0107 u privatnom okru\u017eenju, na ve\u010deri s prijateljima ili u krugu svoje (svjetovne ili crkvene) obitelji. \u010cim u javnost istupaju sa svojom funkcijom\/zanimanjem, ostavljaju dojam stru\u010dnih osoba (Gruden kao uva\u017een i priznat psihijatar, Jur\u010devi\u0107 kao crkveni moralni autoritet) koje izra\u017eavaju mi\u0161ljenje organizacije\/struke kojoj pripadaju. A kad pritom jo\u0161 isti\u010du kako samo iznose ono \u0161to privatno, u svoja \u010detiri zida, misle, to onda \u010dak nije usporedivo ni s vukom u janje\u0107oj ko\u017ei, ve\u0107 s vukom u vu\u010djoj ko\u017ei koji vi\u010de: ja sam malo slatko bezopasno janje, beeeeee!<\/p>\n\n\n\n<p>U ovom slu\u010daju, Katoli\u010dka crkva je, htjela-ne htjela, barem indirektno uklju\u010dena i trebala bi se dobro zapitati prima li prave ljude u slu\u017ebu (te u vezi s tim ne\u0161to konkretno i poduzeti) ili pak kona\u010dno otvoreno priznati (aktivisti\u010dki re\u010deno, iza\u0107i iz ormara) svoje homofobne i mizantropske \u2013 a nadasve i mizogine \u00ac\u2013 sklonosti, pa da svi skupa (i vjernici, i ateisti, i agnostici, i pripadnici drugih vjera, rasa, spolova, nacionalnosti, orijentacija i \u010dega sve ne) kona\u010dno znamo na \u010demu smo.<\/p>\n\n\n\n<p>Modesty<\/p>","protected":false},"excerpt":{"rendered":"<p>Kastavski \u017eupnik, vele\u010dasni (kako to gordo zvu\u010di) Franjo Jur\u010devi\u0107, imao je potrebu na svom blogu (http:\/\/zupnik.blog.hr) osvrnuti se na doga\u0111aje u Beogradu 10. listopada 2010., u kojima je u divljanju navija\u010dkih, neonacisti\u010dkih i sli\u010dnih skupina ozlije\u0111eno oko 150 osoba, ve\u0107inom policajaca, uhi\u0107eno preko 200 izgrednika te po\u010dinjena materijalna \u0161teta od vi\u0161e od milijun eura, a &hellip;<\/p>\n<p class=\"read-more\"> <a class=\"\" href=\"https:\/\/lori.hr\/en\/divljenje-spram-divljanja\/\"> <span class=\"screen-reader-text\">Divljenje spram divljanja<\/span> Read More \u00bb<\/a><\/p>","protected":false},"author":5,"featured_media":0,"comment_status":"closed","ping_status":"open","sticky":false,"template":"","format":"standard","meta":{"_uag_custom_page_level_css":"","site-sidebar-layout":"default","site-content-layout":"","ast-site-content-layout":"","site-content-style":"default","site-sidebar-style":"default","ast-global-header-display":"","ast-banner-title-visibility":"","ast-main-header-display":"","ast-hfb-above-header-display":"","ast-hfb-below-header-display":"","ast-hfb-mobile-header-display":"","site-post-title":"","ast-breadcrumbs-content":"","ast-featured-img":"","footer-sml-layout":"","theme-transparent-header-meta":"","adv-header-id-meta":"","stick-header-meta":"","header-above-stick-meta":"","header-main-stick-meta":"","header-below-stick-meta":"","astra-migrate-meta-layouts":"","footnotes":""},"categories":[65,66],"tags":[],"class_list":["post-7283","post","type-post","status-publish","format-standard","hentry","category-iz-pomaqnute-perspektive","category-kolumne"],"uagb_featured_image_src":{"full":false,"thumbnail":false,"medium":false,"medium_large":false,"large":false,"1536x1536":false,"2048x2048":false,"trp-custom-language-flag":false},"uagb_author_info":{"display_name":"Modesty","author_link":"https:\/\/lori.hr\/en\/author\/modesty\/"},"uagb_comment_info":0,"uagb_excerpt":"Kastavski \u017eupnik, vele\u010dasni (kako to gordo zvu\u010di) Franjo Jur\u010devi\u0107, imao je potrebu na svom blogu (http:\/\/zupnik.blog.hr) osvrnuti se na doga\u0111aje u Beogradu 10. listopada 2010., u kojima je u divljanju navija\u010dkih, neonacisti\u010dkih i sli\u010dnih skupina ozlije\u0111eno oko 150 osoba, ve\u0107inom policajaca, uhi\u0107eno preko 200 izgrednika te po\u010dinjena materijalna \u0161teta od vi\u0161e od milijun eura, a&hellip;","_links":{"self":[{"href":"https:\/\/lori.hr\/en\/wp-json\/wp\/v2\/posts\/7283","targetHints":{"allow":["GET"]}}],"collection":[{"href":"https:\/\/lori.hr\/en\/wp-json\/wp\/v2\/posts"}],"about":[{"href":"https:\/\/lori.hr\/en\/wp-json\/wp\/v2\/types\/post"}],"author":[{"embeddable":true,"href":"https:\/\/lori.hr\/en\/wp-json\/wp\/v2\/users\/5"}],"replies":[{"embeddable":true,"href":"https:\/\/lori.hr\/en\/wp-json\/wp\/v2\/comments?post=7283"}],"version-history":[{"count":1,"href":"https:\/\/lori.hr\/en\/wp-json\/wp\/v2\/posts\/7283\/revisions"}],"predecessor-version":[{"id":7284,"href":"https:\/\/lori.hr\/en\/wp-json\/wp\/v2\/posts\/7283\/revisions\/7284"}],"wp:attachment":[{"href":"https:\/\/lori.hr\/en\/wp-json\/wp\/v2\/media?parent=7283"}],"wp:term":[{"taxonomy":"category","embeddable":true,"href":"https:\/\/lori.hr\/en\/wp-json\/wp\/v2\/categories?post=7283"},{"taxonomy":"post_tag","embeddable":true,"href":"https:\/\/lori.hr\/en\/wp-json\/wp\/v2\/tags?post=7283"}],"curies":[{"name":"wp","href":"https:\/\/api.w.org\/{rel}","templated":true}]}}