{"id":7336,"date":"2013-06-13T13:33:00","date_gmt":"2013-06-13T11:33:00","guid":{"rendered":"https:\/\/lori.hr\/?p=7336"},"modified":"2023-05-12T13:35:26","modified_gmt":"2023-05-12T11:35:26","slug":"parada","status":"publish","type":"post","link":"https:\/\/lori.hr\/en\/parada\/","title":{"rendered":"Parada"},"content":{"rendered":"<p>Eto, dogodilo se i to. I \u201enormalni\/e\u201c svoju paradu imaju! Krenut \u0107e, kao i nekad Zagreb Pride, sa Zrinjevca, ali se ne\u0107e vratiti na nj; njihov cilj je Trg Sv. Marka. Isto tako imaju i vlastite za\u0161titare, i to iz redova branitelja, a od na\u0161ih napada branit \u0107e ih i pripadnici specijalne policije, dodu\u0161e &nbsp;umirovljeni. Zaista se nadam da nikome,<\/p>\n\n\n\n<p>ali ba\u0161 nikome ne\u0107e pasti na pamet zadavati im posla (iako uvijek postoji mogu\u0107nost insceniranih napada). Pripremljen je i prigodni program.<\/p>\n\n\n\n<p>Pretpostavljam da ne\u0107e nositi transparente (ili da?) i stvarati buku zvi\u017edaljkama i bubnjevima (ipak se radi o pristojnim ljudima koji ne \u017eele svojim uspavanim sugra\u0111anima i sugra\u0111ankama ometati popodnevni san i odmor), a isto tako za o\u010dekivati je da cijela ta manifestacija ne\u0107e biti (pre)\u0161arena, ve\u0107 da \u0107e njome dominirati dostojanstvene, isprane boje kompleti\u0107a sa suknjom i kombinacija hla\u010de-ko\u0161ulja (ve\u0107 mi je i to dovoljno da se zapitam jesu li oni i one na\u0161i \u201epravi\u201c katolici i katolkinje, kad toliko podsje\u0107aju na neke denominacije, da ne ka\u017eem sekte, \u010diji \u010dlanovi i \u010dlanice u odijelima i kompleti\u0107ima kucaju na vrata i, s akcentom ili bez njega, \u017eele s vama zapodjenuti razgovor ili vam ljubazno pokloniti \u010dasopis ili knjigu). Naravno, vrlo je mogu\u0107e da prisutne budu i tri lijepe na\u0161e boje, a u ovoj kromatskoj pri\u010di svoje bi mjesto svakako trebale na\u0107i i nje\u017eno roza i svijetloplava, bez kojih ina\u010de ne bismo znali\/e kojeg smo spola i kojeg trebamo biti roda.<\/p>\n\n\n\n<p>Dakako, ovo nije samo parada; po samoj prirodi stvari, radi se i o procesiji. A glavna relikvija no\u0161ena u njoj bit \u0107e papiri s, navodno, preko sedamsto tisu\u0107a potpisa osoba koje imaju pravo glasa u ovoj dr\u017eavi \u2013 potpisa koji, kako ka\u017eu, predstavljaju volju naroda. Jednostavan izra\u010dun govori da 700.000 predstavlja nekih 15-ak posto gra\u0111ana i gra\u0111anki ove zemlje, \u0161to se ba\u0161 i ne mo\u017ee nazvati voljom ve\u0107ine (kao \u0161to se, ruku na srce, voljom ve\u0107ine ne mo\u017ee nazvati ni izborni rezultat do kojeg se do\u0161lo tako \u0161to je 30% bira\u010da\/ica iza\u0161lo na izbore, od kojih je 51% glasao za jednu opciju, \u0161to opet, u kona\u010dnici, iznosi 15-ak posto). No, izreka govori da la\u017e dovoljno puta ponovljena postaje istina, pa tako i ova \u2013 da je iz pristojnosti nazovemo \u2013 obmana mo\u017ee se, kombinacijom jednostavnih psiholo\u0161kih i politi\u010dkih mehanizama, obistiniti, mo\u017ee iz diskursa, ustavotvornim referendumom, prije\u0107i u realnost.<\/p>\n\n\n\n<p>No, vratimo se paradi. Pred neki dan se u emisiji TV Jabuke mladac koji govori \u201eU ime obitelji\u201c migoljio kad mu je postavljeno pitanje kada \u0107e ta tzv. gra\u0111anska inicijativa predati potpise koje je skupila i uspio je dvaput promucati da \u0107e oni (iz inicijative) sami odlu\u010diti koji je najpovoljniji trenutak za to. Zanimljivo je, i simptomati\u010dno, da su najpovoljnijim trenutkom odabrali ba\u0161 dan prije Prajda, \u010dime su, kao i odabirom parade\/procesije kao na\u010dina borbe za svoje ciljeve, zapravo pokazali i dokazali da se ne bore ZA NE\u0160TO (o\u010duvanje braka kao zajednice m. i \u017e., o\u010duvanje dru\u0161tva u cjelini, za\u0161titu moralnih vrijednosti i ostale floskule), ve\u0107 PROTIV NEKOG (nas kao manjinske i nedovoljno za\u0161ti\u0107ene dru\u0161tvene grupe). Stoga ova parada nema karakter borbe za (ugro\u017eena) prava, ve\u0107 predstavlja samo demonstraciju mo\u0107i ve\u0107ine nad manjinom.<\/p>\n\n\n\n<p>Kako se tome oduprijeti? Jedan od na\u010dina je da do\u0111emo na zagreba\u010dki prajd 15. 6. i poka\u017eemo da, iako smo manjina, ipak postojimo, i to u velikom broju, i da u ovome nismo sami\/e, ve\u0107 da imamo podr\u0161ku onih koji\/e znaju da na\u0161e postojanje ne ugro\u017eava njihovo i da na\u0161a prava ne ugro\u017eavaju njihova. \u0160to, eto, uklju\u010duje i Severinu.<\/p>\n\n\n\n<p>Voli vas Modesty<\/p>","protected":false},"excerpt":{"rendered":"<p>Eto, dogodilo se i to. I \u201enormalni\/e\u201c svoju paradu imaju! Krenut \u0107e, kao i nekad Zagreb Pride, sa Zrinjevca, ali se ne\u0107e vratiti na nj; njihov cilj je Trg Sv. Marka. Isto tako imaju i vlastite za\u0161titare, i to iz redova branitelja, a od na\u0161ih napada branit \u0107e ih i pripadnici specijalne policije, dodu\u0161e &nbsp;umirovljeni. &hellip;<\/p>\n<p class=\"read-more\"> <a class=\"\" href=\"https:\/\/lori.hr\/en\/parada\/\"> <span class=\"screen-reader-text\">Parada<\/span> Read More \u00bb<\/a><\/p>","protected":false},"author":5,"featured_media":0,"comment_status":"closed","ping_status":"open","sticky":false,"template":"","format":"standard","meta":{"_uag_custom_page_level_css":"","site-sidebar-layout":"default","site-content-layout":"","ast-site-content-layout":"","site-content-style":"default","site-sidebar-style":"default","ast-global-header-display":"","ast-banner-title-visibility":"","ast-main-header-display":"","ast-hfb-above-header-display":"","ast-hfb-below-header-display":"","ast-hfb-mobile-header-display":"","site-post-title":"","ast-breadcrumbs-content":"","ast-featured-img":"","footer-sml-layout":"","theme-transparent-header-meta":"","adv-header-id-meta":"","stick-header-meta":"","header-above-stick-meta":"","header-main-stick-meta":"","header-below-stick-meta":"","astra-migrate-meta-layouts":"","footnotes":""},"categories":[65,66],"tags":[],"class_list":["post-7336","post","type-post","status-publish","format-standard","hentry","category-iz-pomaqnute-perspektive","category-kolumne"],"uagb_featured_image_src":{"full":false,"thumbnail":false,"medium":false,"medium_large":false,"large":false,"1536x1536":false,"2048x2048":false,"trp-custom-language-flag":false},"uagb_author_info":{"display_name":"Modesty","author_link":"https:\/\/lori.hr\/en\/author\/modesty\/"},"uagb_comment_info":0,"uagb_excerpt":"Eto, dogodilo se i to. I \u201enormalni\/e\u201c svoju paradu imaju! Krenut \u0107e, kao i nekad Zagreb Pride, sa Zrinjevca, ali se ne\u0107e vratiti na nj; njihov cilj je Trg Sv. Marka. Isto tako imaju i vlastite za\u0161titare, i to iz redova branitelja, a od na\u0161ih napada branit \u0107e ih i pripadnici specijalne policije, dodu\u0161e &nbsp;umirovljeni.&hellip;","_links":{"self":[{"href":"https:\/\/lori.hr\/en\/wp-json\/wp\/v2\/posts\/7336","targetHints":{"allow":["GET"]}}],"collection":[{"href":"https:\/\/lori.hr\/en\/wp-json\/wp\/v2\/posts"}],"about":[{"href":"https:\/\/lori.hr\/en\/wp-json\/wp\/v2\/types\/post"}],"author":[{"embeddable":true,"href":"https:\/\/lori.hr\/en\/wp-json\/wp\/v2\/users\/5"}],"replies":[{"embeddable":true,"href":"https:\/\/lori.hr\/en\/wp-json\/wp\/v2\/comments?post=7336"}],"version-history":[{"count":1,"href":"https:\/\/lori.hr\/en\/wp-json\/wp\/v2\/posts\/7336\/revisions"}],"predecessor-version":[{"id":7337,"href":"https:\/\/lori.hr\/en\/wp-json\/wp\/v2\/posts\/7336\/revisions\/7337"}],"wp:attachment":[{"href":"https:\/\/lori.hr\/en\/wp-json\/wp\/v2\/media?parent=7336"}],"wp:term":[{"taxonomy":"category","embeddable":true,"href":"https:\/\/lori.hr\/en\/wp-json\/wp\/v2\/categories?post=7336"},{"taxonomy":"post_tag","embeddable":true,"href":"https:\/\/lori.hr\/en\/wp-json\/wp\/v2\/tags?post=7336"}],"curies":[{"name":"wp","href":"https:\/\/api.w.org\/{rel}","templated":true}]}}