{"id":7378,"date":"2007-07-07T14:20:00","date_gmt":"2007-07-07T12:20:00","guid":{"rendered":"https:\/\/lori.hr\/?p=7378"},"modified":"2023-05-12T14:23:37","modified_gmt":"2023-05-12T12:23:37","slug":"tomislav-jelincic","status":"publish","type":"post","link":"https:\/\/lori.hr\/en\/tomislav-jelincic\/","title":{"rendered":"Tomislav Jelin\u010di\u0107"},"content":{"rendered":"<blockquote class=\"wp-block-quote is-layout-flow wp-block-quote-is-layout-flow\">\n<p><strong>\u201e\u0160to bi svijet bez ladica?!&#8221; U mom slu\u010daju, imao police \u2013 lijepe, prozra\u010dne, otvorene i u ludim bojama s jo\u0161 lu\u0111im sadr\u017eajem.\u201c<\/strong><\/p>\n<\/blockquote>\n\n\n\n<p>Mislim da imam writers block koji se trenutno kod mene mo\u017ee prevesti kao toliko se toga doga\u0111a da vi\u0161e ne znam od silnih gluposti koju da izaberem. I onda zapo\u010dnemo mi raspravu u uredu i padne mi na pamet za\u0161to ne pisati o dojmovima o emisiji Tomislav Jelin\u010di\u0107 koja je emitirana na RTL-u 4.03.2007. u 22:30, a me\u0111u odabranima sudjelovali su Aleksandar \u0160tulhofer, Dorino Manzin i dr. Gruden. Od svih njih koji su raspravljali po ne znam koji put o homoseksualnosti, njezinoj prirodnosti ili ne, \u0161to bi se dogodilo da su svi homoseksualni, itd. Ja bi se slo\u017eila samo sa \u0160tulhoferom. Naime, njemu je jedinom dosta od stolje\u0107a sedmog ponavljati iste podatke. Mislim da mu je ve\u0107 kao da govori zidu s time da bi i zid ve\u0107 zapamtio neke stvari.<\/p>\n\n\n\n<p>Sjedila sam doma u tzv. kompjuterskoj stolici, igrala igricu na kompjuteru i slu\u0161ala o \u010demu se pri\u010da. Nebrojeno puta mi je dignut tlak, nebrojeno puta je trebalo postaviti provokativnija pitanja, odgovoriti \u017ee\u0161\u0107e ili druga\u010dije, izazvati ljude koji su tamo raspravljali. Dorino je bio isti kao i svaki put, miran i \u010disto ne dirnut svime no vrlo vje\u0161t u predstavljanju sebe kao glasnogovornika cijele gej populacije. On pri tome misli na gej mu\u0161karce i lezbijke, a ja \u010ditam gej mu\u0161karci bi&#8230;Za\u0161to? Ovo nije moj osobni napad na uva\u017eenog kolegu ve\u0107 \u010disto navo\u0111enje \u010dinjenica. Naime, \u00abjao se ga onom\u00bb glasnogovorniku jedne cijele skupine koji se ogra\u0111uje od \u017eelje za djecom. Meni je jako \u017eao, ali ja, lezbijka, \u017eelim imati djecu i ne \u017eelim po njih i\u0107i u susjedne zemlje ve\u0107 \u017eelim da mi se to pravo osigura ovdje kao \u0161to se osigurava i svima drugima. Ispada da kada bi \u0161utjela i bila naoko ista kao i svi, u la\u017enom braku npr. mogla bi imati i jednaka prava, ali dok god sam iskrena o tome tko sam i iza \u010dega stojim, to ne mo\u017ee. Morate biti plahe ov\u010dice ho\u0107ete li imati jednaka pravo kao poslu\u0161na ve\u0107ina. No, priznajem, meni je dosta obja\u0161njavanja seksualnih i rodnih manjina kao ne tako razli\u010ditih od heteroseksualne ve\u0107ine. Ispri\u010davam se, evo mene opet s rodnim manjinama, kao da njih netko spominje, osim gospodin Gruden koji vjeruje da se \u017eene valjda ra\u0111aju u suknjicama, a mu\u0161karci izlaze iz maternice sa \u010deki\u0107ima jer nam je rodna uloga ne\u0161to vrlo uro\u0111eno. Da, rodila sam se i odmah po\u017eeljela \u0161ivati, kuhati. Iznena\u0111uje me kako si u\u010dene osobe s diplomama i ostalim papirima mogu dozvoliti izjaviti tako ne\u0161to jo\u0161 pogotovo kada te iste osobe rade ba\u0161 u bran\u0161i ljudske psihe i mozga. No, \u010dini mi se da su se neki izgubili u mraku onih dijelova mozga koje ne koristimo.<\/p>\n\n\n\n<p>Malo sam ljuta. Razljutila me ta rasprava jer imam osje\u0107aj da se ni\u0161ta bitno ne ka\u017ee i sve se stalno vrti u krug. Stalno isti ljudi razgovaraju o istim temama, \u010dini mi se da se mijenjaju samo televizijske ku\u0107e koje prenose te teme. Za\u0161to nitko nije pitao prisutne sve redom mu\u0161ke osobe, od voditelja na dalje, za\u0161to Sabor ne vidi koliko je licemjeran kada izglasa Zakon o istospolnim zajednicama, a onda kada krene rasprava o registriranom partnerstvu vra\u0107a se na pri\u010de o heteroseksualnom svemiru. I mo\u017ee li netko vratiti tu po\u0161tovanu gospo\u0111u u vrti\u0107. Mislim da je vrijeme da nau\u010di neke osnove o funkcioniranju svijeta i na\u0161e uloge u njemu. \u010cini se da je pre\u010desto izostajala s nastave, sada da li opravdano ili neopravdano. Ispri\u010davam se za slu\u010daj da je bila u \u0161koli. Svakome se dogodi barem jednom, valjda, kroz cijelo \u0161kolovanje da prespava koji sat u klupi.<\/p>\n\n\n\n<p>Eto, krenula sam pisati o blokadi koju imam kada je pisanje u pitanju i raspisala se. Ne svi\u0111a mi se napadati ljude, ali mi je isto tako dosta tih istih razgovora kao da je javnost hrpa imbecila koji ni\u0161ta ne razumiju i ako im dovoljno dugo i uporno tupimo 4 iste stvari mo\u017eda \u0107e ih kao papige nau\u010diti. Ja se nadam da javnost vidi kako ju se tretira i da je dovoljno prisebna, s obzirom na cijelu situaciju u dr\u017eavi i apsolutno ugnjetavanje svih osim onih koji imaju ne\u0161to bogatije nov\u010danike, da donese odluku u skladu s po\u0161tivanjem ljudskih prava. U svakom slu\u010daju, u jednom trenutku \u0107e svi progledati, to ne mora biti danas niti sutra, ali sti\u0107i \u0107e nas sve to. Zato, otvorite okice, razlike su tu da ih se slavi, ne da ih se zakopava pod tepih u nadi da nitko ne\u0107e vidjeti kako bi homoseksualne osobe, nije bilo niti spomena biseksualnih skoro, dobile prava pa da se onda na to mogu vezati i biseksualne i sve one osobe koje se ne identificiraju po seksualnoj orijentaciji. Pri tome, sakrit \u0107emo sve one gej mu\u0161karce i lezbijke koje nisu ba\u0161 podobne kada je u pitanju njihovo rodno izra\u017eavanje.<br><strong><br>\u0160to bi svijet bez ladica?! U mom slu\u010daju, imao police \u2013 lijepe, prozra\u010dne, otvorene i u ludim bojama s jo\u0161 lu\u0111im sadr\u017eajem.<\/strong><\/p>\n\n\n\n<p>I cijelo vrijeme mi pred o\u010dima tribina na kojoj je LORI gostovala tek dva dana prije toga na Sajmu nezavisnog izdava\u0161tva u Rijeci gdje se razgovaralo o diskriminaciji, stereotipima, predrasudama, pravima i svakodnevnici te prihva\u0107anju pripadnika i pripadnica seksualnih i rodnih manjina. Mo\u017eda nekome smeta \u0161to se inzistira na zajedni\u0161tvu LGBTIQ, ali radije to nego inzistirati na istosti s heteroseksualnom ve\u0107inom odnosno na laganju. Trenutno seksualne manjine ne mogu nikako biti iste kao i heteroseksualna ve\u0107ina iz jednostavnog razloga \u0161to smo mi ugnjetavani u u\u010denju da smo bolesni, a oni su ti koji nas ugnjetavaju i u\u010de da smo bolesni te nam onemogu\u0107avaju sre\u0107u i \u017eivot kakav \u017eelimo i zaslu\u017eujemo. Tra\u017eimo jednaka prava, jednaka prava za odnose koji postoje, ne za ni\u0161ta novo.<\/p>\n\n\n\n<p>Ja nema ni\u0161ta protiv heteroseksualne ve\u0107ine. Ne sudim ljude po seksualnoj orijentaciji ve\u0107 po karakternim kvalitetama i \u017eelim da se i mene tretira na jednak na\u010din.<\/p>\n\n\n\n<p>Arina<\/p>","protected":false},"excerpt":{"rendered":"<p>\u201e\u0160to bi svijet bez ladica?!&#8221; U mom slu\u010daju, imao police \u2013 lijepe, prozra\u010dne, otvorene i u ludim bojama s jo\u0161 lu\u0111im sadr\u017eajem.\u201c Mislim da imam writers block koji se trenutno kod mene mo\u017ee prevesti kao toliko se toga doga\u0111a da vi\u0161e ne znam od silnih gluposti koju da izaberem. I onda zapo\u010dnemo mi raspravu u &hellip;<\/p>\n<p class=\"read-more\"> <a class=\"\" href=\"https:\/\/lori.hr\/en\/tomislav-jelincic\/\"> <span class=\"screen-reader-text\">Tomislav Jelin\u010di\u0107<\/span> Read More \u00bb<\/a><\/p>","protected":false},"author":6,"featured_media":0,"comment_status":"closed","ping_status":"open","sticky":false,"template":"","format":"standard","meta":{"_uag_custom_page_level_css":"","site-sidebar-layout":"default","site-content-layout":"","ast-site-content-layout":"","site-content-style":"default","site-sidebar-style":"default","ast-global-header-display":"","ast-banner-title-visibility":"","ast-main-header-display":"","ast-hfb-above-header-display":"","ast-hfb-below-header-display":"","ast-hfb-mobile-header-display":"","site-post-title":"","ast-breadcrumbs-content":"","ast-featured-img":"","footer-sml-layout":"","theme-transparent-header-meta":"","adv-header-id-meta":"","stick-header-meta":"","header-above-stick-meta":"","header-main-stick-meta":"","header-below-stick-meta":"","astra-migrate-meta-layouts":"","footnotes":""},"categories":[67,66],"tags":[],"class_list":["post-7378","post","type-post","status-publish","format-standard","hentry","category-kroz-prozor","category-kolumne"],"uagb_featured_image_src":{"full":false,"thumbnail":false,"medium":false,"medium_large":false,"large":false,"1536x1536":false,"2048x2048":false,"trp-custom-language-flag":false},"uagb_author_info":{"display_name":"apropo","author_link":"https:\/\/lori.hr\/en\/author\/apropo\/"},"uagb_comment_info":0,"uagb_excerpt":"\u201e\u0160to bi svijet bez ladica?!&#8221; U mom slu\u010daju, imao police \u2013 lijepe, prozra\u010dne, otvorene i u ludim bojama s jo\u0161 lu\u0111im sadr\u017eajem.\u201c Mislim da imam writers block koji se trenutno kod mene mo\u017ee prevesti kao toliko se toga doga\u0111a da vi\u0161e ne znam od silnih gluposti koju da izaberem. I onda zapo\u010dnemo mi raspravu u&hellip;","_links":{"self":[{"href":"https:\/\/lori.hr\/en\/wp-json\/wp\/v2\/posts\/7378","targetHints":{"allow":["GET"]}}],"collection":[{"href":"https:\/\/lori.hr\/en\/wp-json\/wp\/v2\/posts"}],"about":[{"href":"https:\/\/lori.hr\/en\/wp-json\/wp\/v2\/types\/post"}],"author":[{"embeddable":true,"href":"https:\/\/lori.hr\/en\/wp-json\/wp\/v2\/users\/6"}],"replies":[{"embeddable":true,"href":"https:\/\/lori.hr\/en\/wp-json\/wp\/v2\/comments?post=7378"}],"version-history":[{"count":1,"href":"https:\/\/lori.hr\/en\/wp-json\/wp\/v2\/posts\/7378\/revisions"}],"predecessor-version":[{"id":7379,"href":"https:\/\/lori.hr\/en\/wp-json\/wp\/v2\/posts\/7378\/revisions\/7379"}],"wp:attachment":[{"href":"https:\/\/lori.hr\/en\/wp-json\/wp\/v2\/media?parent=7378"}],"wp:term":[{"taxonomy":"category","embeddable":true,"href":"https:\/\/lori.hr\/en\/wp-json\/wp\/v2\/categories?post=7378"},{"taxonomy":"post_tag","embeddable":true,"href":"https:\/\/lori.hr\/en\/wp-json\/wp\/v2\/tags?post=7378"}],"curies":[{"name":"wp","href":"https:\/\/api.w.org\/{rel}","templated":true}]}}