{"id":7386,"date":"2007-07-07T14:28:00","date_gmt":"2007-07-07T12:28:00","guid":{"rendered":"https:\/\/lori.hr\/?p=7386"},"modified":"2023-05-12T14:35:07","modified_gmt":"2023-05-12T12:35:07","slug":"komunikacija","status":"publish","type":"post","link":"https:\/\/lori.hr\/en\/komunikacija\/","title":{"rendered":"Komunikacija"},"content":{"rendered":"<blockquote class=\"wp-block-quote is-layout-flow wp-block-quote-is-layout-flow\">\n<p><strong><em>Za razgovor nam je potreban razlog, za \u0161utnju nije. <\/em><\/strong><\/p>\n<cite><strong>&#8211; Pierre Nicole<\/strong><\/cite><\/blockquote>\n\n\n\n<p>Gdje god se okrenuli stalno \u010dujemo kako netko ne\u0161to pri\u010da, glasovi \u017eamore na svakom uglu. Ti\u0161ina je ne\u0161to \u0161to ne postoji. Bilo da pri\u010daju oni oko nas ili mi sami sa sobom, na glas ili u sebi, \u010dini se da cijeli svijet po cijeli dan komunicira. A opet, ne bi se reklo da se razumijemo ne\u0161to posebno. S obzirom koliko komuniciramo ne bi trebalo biti sva\u0111a, nerazumijevanja, sukoba i na kraju krajeva ne bi trebalo biti ratova.<\/p>\n\n\n\n<p>U isto vrijeme, danas, dok komuniciramo rije\u010dima, pokretnim slikama, fotografijama, pokretima tijela, itd. sve je vi\u0161e agencija i trenera koji nude edukaciju o komunikaciji \u2013 od osobne do poslovne, a jo\u0161 vi\u0161e institucija, poduze\u0107a i organizacija koje tra\u017ee ovakve radionice. Tko god ima nekoliko tisu\u0107a kuna za dati mo\u017ee organizirati ovakvu radionicu svojim zaposlenicima, volonterima, itd.<\/p>\n\n\n\n<p>Nije li to nelogi\u010dnost? Sada, ili postoji potreba da se nau\u010dimo komunicirati \u0161to bolje u ovom svijetu koji se hrani komunikacijom, razmjenom informacija i svime \u0161to se doga\u0111a kada dvije ili vi\u0161e osoba razgovara, na koji god na\u010din. Ili, iako komuniciramo stalno mo\u017eda ne znamo komunicirati i sva ta interakcija nam je kontraproduktivna, pa da bi sprije\u010dili sve sukobe do kojih dolazi radi lo\u0161eg komuniciranja. I nadam se da ako se radi o ovom drugom slu\u010daju, da su te radionice brze, a ne ne\u0161to \u0161to traje godinama. Jer, muka me hvata kada pomislim na svakodnevnu komunikaciju \u2013 glasovi, papiri, elektronske poruke koje putuju svijetom i koliko je tu mogu\u0107nosti za lo\u0161u komunikaciju, koliko sukoba nastaje, i vidimo svi koliko ratova ima na ovoj predivnoj planeti. Te\u010dajevi komunikacije bi trebali biti besplatni i neprestano vo\u0111eni. Jer brzinom kojom se mi kre\u0107emo ukoliko to ne nau\u010dimo samljet \u0107emo Zemlju i ostati \u0107e samo ma\u0161ine na pepelu usred svemira.<\/p>\n\n\n\n<p>Nije stvar u izboru rije\u010di i poruka samo. Stvar je i u tome da svatko prvo misli na svoj interes, na to da on ili ona djeluje pametno i popularno i sve \u0161to to nosi, a tek onda razmi\u0161lja o samoj poruci koju prenosi, o taktu koji bi pri tome trebala najvjerojatnije imati. Mo\u017eemo samo po vijestima vidjeti s koliko takta se prenose vijesti i vr\u0161i komunikacija kada prvo govore o plesu, pa o nesre\u0107i u kojoj je 40 mrtvih, pa onda o karnevalu. Nekako mislim da to i ne bi smjelo tako izgledati. Ljudi funkcioniraju u svakoj komunikaciji kao da su doma na svom kau\u010du sa svojom obitelji. \u0160ef tretira zaposlenike i zaposlenice kao svoju dje\u010dicu, o\u010ditava im bukvice i o\u010dekuje od njih da se pona\u0161aju na jedan na\u010din dok on radi na sasvim drugi na\u010din.<\/p>\n\n\n\n<p>U poslu je \u010desto situacija takva, osobe naj\u010de\u0161\u0107e vide gre\u0161ke drugih, a ne i svoje, pre\u010desto optu\u017euju druge za sva\u0161ta, ali pri tome ne vide da i sami rade to za \u0161to optu\u017euju druge. Izgleda da tko prvi uka\u017ee prstom na nekoga izvla\u010di sebe, jer je informacija tamo vani, zna se za tog drugoga i ta tema postaje odmah suvi\u0161na.<\/p>\n\n\n\n<p>Komunikacija nam je vo\u0111ena poreme\u0107ajem u koncentraciji. Tema nas dr\u017ei maksimum 10 minuta i eto nas na drugoj, ukoliko se pri\u010da o onome \u0161to je kolegica radila bolje da ja odmah ka\u017eem \u0161to sa ja radila, pa makar i ne bilo sli\u010dno s njenim iskustvom, ali eto, pri\u010da se. Pri\u010da se. Razgovaramo. Prenosimo zvuk. \u017damor svuda. Komuniciramo.<\/p>\n\n\n\n<p>No, da li stvarno komuniciramo?!<\/p>\n\n\n\n<p>Arina<\/p>","protected":false},"excerpt":{"rendered":"<p>Za razgovor nam je potreban razlog, za \u0161utnju nije. &#8211; Pierre Nicole Gdje god se okrenuli stalno \u010dujemo kako netko ne\u0161to pri\u010da, glasovi \u017eamore na svakom uglu. Ti\u0161ina je ne\u0161to \u0161to ne postoji. Bilo da pri\u010daju oni oko nas ili mi sami sa sobom, na glas ili u sebi, \u010dini se da cijeli svijet po &hellip;<\/p>\n<p class=\"read-more\"> <a class=\"\" href=\"https:\/\/lori.hr\/en\/komunikacija\/\"> <span class=\"screen-reader-text\">Komunikacija<\/span> Read More \u00bb<\/a><\/p>","protected":false},"author":6,"featured_media":0,"comment_status":"closed","ping_status":"open","sticky":false,"template":"","format":"standard","meta":{"_uag_custom_page_level_css":"","site-sidebar-layout":"default","site-content-layout":"","ast-site-content-layout":"","site-content-style":"default","site-sidebar-style":"default","ast-global-header-display":"","ast-banner-title-visibility":"","ast-main-header-display":"","ast-hfb-above-header-display":"","ast-hfb-below-header-display":"","ast-hfb-mobile-header-display":"","site-post-title":"","ast-breadcrumbs-content":"","ast-featured-img":"","footer-sml-layout":"","theme-transparent-header-meta":"","adv-header-id-meta":"","stick-header-meta":"","header-above-stick-meta":"","header-main-stick-meta":"","header-below-stick-meta":"","astra-migrate-meta-layouts":"","footnotes":""},"categories":[67,66],"tags":[],"class_list":["post-7386","post","type-post","status-publish","format-standard","hentry","category-kroz-prozor","category-kolumne"],"uagb_featured_image_src":{"full":false,"thumbnail":false,"medium":false,"medium_large":false,"large":false,"1536x1536":false,"2048x2048":false,"trp-custom-language-flag":false},"uagb_author_info":{"display_name":"apropo","author_link":"https:\/\/lori.hr\/en\/author\/apropo\/"},"uagb_comment_info":0,"uagb_excerpt":"Za razgovor nam je potreban razlog, za \u0161utnju nije. &#8211; Pierre Nicole Gdje god se okrenuli stalno \u010dujemo kako netko ne\u0161to pri\u010da, glasovi \u017eamore na svakom uglu. Ti\u0161ina je ne\u0161to \u0161to ne postoji. Bilo da pri\u010daju oni oko nas ili mi sami sa sobom, na glas ili u sebi, \u010dini se da cijeli svijet po&hellip;","_links":{"self":[{"href":"https:\/\/lori.hr\/en\/wp-json\/wp\/v2\/posts\/7386","targetHints":{"allow":["GET"]}}],"collection":[{"href":"https:\/\/lori.hr\/en\/wp-json\/wp\/v2\/posts"}],"about":[{"href":"https:\/\/lori.hr\/en\/wp-json\/wp\/v2\/types\/post"}],"author":[{"embeddable":true,"href":"https:\/\/lori.hr\/en\/wp-json\/wp\/v2\/users\/6"}],"replies":[{"embeddable":true,"href":"https:\/\/lori.hr\/en\/wp-json\/wp\/v2\/comments?post=7386"}],"version-history":[{"count":2,"href":"https:\/\/lori.hr\/en\/wp-json\/wp\/v2\/posts\/7386\/revisions"}],"predecessor-version":[{"id":7389,"href":"https:\/\/lori.hr\/en\/wp-json\/wp\/v2\/posts\/7386\/revisions\/7389"}],"wp:attachment":[{"href":"https:\/\/lori.hr\/en\/wp-json\/wp\/v2\/media?parent=7386"}],"wp:term":[{"taxonomy":"category","embeddable":true,"href":"https:\/\/lori.hr\/en\/wp-json\/wp\/v2\/categories?post=7386"},{"taxonomy":"post_tag","embeddable":true,"href":"https:\/\/lori.hr\/en\/wp-json\/wp\/v2\/tags?post=7386"}],"curies":[{"name":"wp","href":"https:\/\/api.w.org\/{rel}","templated":true}]}}