{"id":7448,"date":"2010-09-09T10:26:00","date_gmt":"2010-09-09T08:26:00","guid":{"rendered":"https:\/\/lori.hr\/?p=7448"},"modified":"2023-05-13T10:28:41","modified_gmt":"2023-05-13T08:28:41","slug":"nedostatak-paznje","status":"publish","type":"post","link":"https:\/\/lori.hr\/en\/nedostatak-paznje\/","title":{"rendered":"Nedostatak pa\u017enje"},"content":{"rendered":"<blockquote class=\"wp-block-quote is-layout-flow wp-block-quote-is-layout-flow\">\n<p><em><strong>&#8220;Napetost je predispozicija za kreativan \u017eivot.&#8221; <\/strong><\/em><\/p>\n<cite><em><strong>&#8211; A. Meyer<\/strong><\/em><\/cite><\/blockquote>\n\n\n\n<p>Evo mene opet, i moje misli koje lutaju svuda. Ovih dana sam izrazito hiperaktivna. Sto misli se krece mojom glavom, kao na nekom autoputu, bilo u Njema\u010dkoj ili mo\u017eda \u010dak u SAD-u. A i djelujem tako. Ni sama ne znam kako mi odgovaraju takvi dani, jer nemam pet minuta mira. Stalno sam u pokretu, jedino \u0161to mi se ljudi malo te\u017ee obracaju, jer eto, ne cujem pola toga. Treba previ\u0161e koncentracije vec za onih pet stvari koje se vrte po meni. \u0160to sam vi\u0161e u sebi to sam manje sposobna poklanjati nesebicno pa\u017enju drugima, a opet kada sam, potpuno u sebi onda mogu biti i potpuno s drugima. Psiha je zanimljiv misterij kontradikcije.<\/p>\n\n\n\n<figure class=\"wp-block-image size-full\"><img fetchpriority=\"high\" decoding=\"async\" width=\"300\" height=\"314\" src=\"https:\/\/lori.hr\/wp-content\/uploads\/2023\/05\/prozor3.jpg\" alt=\"\" class=\"wp-image-7449\" srcset=\"https:\/\/lori.hr\/wp-content\/uploads\/2023\/05\/prozor3.jpg 300w, https:\/\/lori.hr\/wp-content\/uploads\/2023\/05\/prozor3-287x300.jpg 287w\" sizes=\"(max-width: 300px) 100vw, 300px\" \/><\/figure>\n\n\n\n<p>No, unato\u010d multitaskingu, te\u0161ko je ne primijetiti, barem jednu od pet stvari i zadr\u017eati se malo na njoj. Pocnimo s razgovorima s novinarkama\/ima i urednicima\/cama koje smo radile u sklopu Kampanje za senzibiliziranje medija. Zanimljivo je kako mo\u017ee\u0161 ispricati cijelu pricu, prepricati projekt, objasniti cemu slu\u017ei sastanak i onda te osoba pita \u0161to uopce \u017eeli\u0161 s tim sastankom. Hej, upravo sam to objasnila. I kao da to nije dovoljno, ispada da \u017eene nisu diskriminirane, jer imamo par glavnih urednica novina. A \u0161to je sa svim onim \u017eenama prije nas koje su se krvlju borile da mo\u017eemo glasati, da mo\u017eemo nositi hlace, reci otvoreno i slobodno \u0161to mislimo? Ne dugujemo li njima neku zahvalu?<\/p>\n\n\n\n<p>Za\u0161to zaboravljamo pro\u0161lost tako lako kada nama krene? Istovremeno zaboravimo i na sve one druge \u017eene, osobe, manjine kojima ne ide ba\u0161 zato jer su \u017eene, pripadaju nekoj manjini ili slicno.<br>Dru\u0161tvo ima stalno neku potrebu dr\u017eati nekoga pokornim i krotkim na osnovi bilo koje razlike u izgledu, pona\u0161anju, \u017eivotu. Sjecate li se kako su po\u0161teni Amerikanci reagirali na pojavu rock n&#8217; roll-a? A mislili\/e smo da je to vrijeme pro\u0161lo. No, neki se od nas stalno pod tim budnim okom cenzure i revnog morala. I mo\u017ee li mi netko objasniti \u0161to je to uopce moral i cime se mjeri necija moralnost? Da li time koliko razlicitih lica mo\u017ee pokazati ovisno o situaciji u kojoj se nade?!<\/p>\n\n\n\n<p>I uvijek ista pitanja, ponovljeni odgovori, tisucu clanaka sa istim informacijama ili osudama koje su samo napisane novim rijecima, a cesto ni time. Izlizao se put od silnih stopala koja su ga utabala. Dru\u0161tvu treba \u0161ok terapija. Ne\u0161to \u0161to ce nas sve prisiliti da otvorimo oci vec jednom i razmislimo o svim svojim akcijama i njihovim posljedicama, priznamo uspjehe onih koji su koracali ispred nas i nademo nove nacine razumijevanja, prihvacanja razlicitosti i \u0161irenja na\u0161ih horizonata.<\/p>\n\n\n\n<p>Bila sam hiperaktivna, a nakon toga sam bila bolesna. Ne\u0161to dobro je iza\u0161lo iz toga. Napokon sam dala tijelu vremena da se odmori i napuni baterije. Tocnije, tijelo si je to vrijeme uzelo samo.<\/p>\n\n\n\n<p>apropo<\/p>","protected":false},"excerpt":{"rendered":"<p>&#8220;Napetost je predispozicija za kreativan \u017eivot.&#8221; &#8211; A. Meyer Evo mene opet, i moje misli koje lutaju svuda. Ovih dana sam izrazito hiperaktivna. Sto misli se krece mojom glavom, kao na nekom autoputu, bilo u Njema\u010dkoj ili mo\u017eda \u010dak u SAD-u. A i djelujem tako. Ni sama ne znam kako mi odgovaraju takvi dani, jer &hellip;<\/p>\n<p class=\"read-more\"> <a class=\"\" href=\"https:\/\/lori.hr\/en\/nedostatak-paznje\/\"> <span class=\"screen-reader-text\">Nedostatak pa\u017enje<\/span> Read More \u00bb<\/a><\/p>","protected":false},"author":6,"featured_media":0,"comment_status":"closed","ping_status":"closed","sticky":false,"template":"","format":"standard","meta":{"_uag_custom_page_level_css":"","site-sidebar-layout":"default","site-content-layout":"","ast-site-content-layout":"","site-content-style":"default","site-sidebar-style":"default","ast-global-header-display":"","ast-banner-title-visibility":"","ast-main-header-display":"","ast-hfb-above-header-display":"","ast-hfb-below-header-display":"","ast-hfb-mobile-header-display":"","site-post-title":"","ast-breadcrumbs-content":"","ast-featured-img":"","footer-sml-layout":"","theme-transparent-header-meta":"","adv-header-id-meta":"","stick-header-meta":"","header-above-stick-meta":"","header-main-stick-meta":"","header-below-stick-meta":"","astra-migrate-meta-layouts":"","footnotes":""},"categories":[67,66],"tags":[],"class_list":["post-7448","post","type-post","status-publish","format-standard","hentry","category-kroz-prozor","category-kolumne"],"uagb_featured_image_src":{"full":false,"thumbnail":false,"medium":false,"medium_large":false,"large":false,"1536x1536":false,"2048x2048":false,"trp-custom-language-flag":false},"uagb_author_info":{"display_name":"apropo","author_link":"https:\/\/lori.hr\/en\/author\/apropo\/"},"uagb_comment_info":0,"uagb_excerpt":"&#8220;Napetost je predispozicija za kreativan \u017eivot.&#8221; &#8211; A. Meyer Evo mene opet, i moje misli koje lutaju svuda. Ovih dana sam izrazito hiperaktivna. Sto misli se krece mojom glavom, kao na nekom autoputu, bilo u Njema\u010dkoj ili mo\u017eda \u010dak u SAD-u. A i djelujem tako. Ni sama ne znam kako mi odgovaraju takvi dani, jer&hellip;","_links":{"self":[{"href":"https:\/\/lori.hr\/en\/wp-json\/wp\/v2\/posts\/7448","targetHints":{"allow":["GET"]}}],"collection":[{"href":"https:\/\/lori.hr\/en\/wp-json\/wp\/v2\/posts"}],"about":[{"href":"https:\/\/lori.hr\/en\/wp-json\/wp\/v2\/types\/post"}],"author":[{"embeddable":true,"href":"https:\/\/lori.hr\/en\/wp-json\/wp\/v2\/users\/6"}],"replies":[{"embeddable":true,"href":"https:\/\/lori.hr\/en\/wp-json\/wp\/v2\/comments?post=7448"}],"version-history":[{"count":1,"href":"https:\/\/lori.hr\/en\/wp-json\/wp\/v2\/posts\/7448\/revisions"}],"predecessor-version":[{"id":7450,"href":"https:\/\/lori.hr\/en\/wp-json\/wp\/v2\/posts\/7448\/revisions\/7450"}],"wp:attachment":[{"href":"https:\/\/lori.hr\/en\/wp-json\/wp\/v2\/media?parent=7448"}],"wp:term":[{"taxonomy":"category","embeddable":true,"href":"https:\/\/lori.hr\/en\/wp-json\/wp\/v2\/categories?post=7448"},{"taxonomy":"post_tag","embeddable":true,"href":"https:\/\/lori.hr\/en\/wp-json\/wp\/v2\/tags?post=7448"}],"curies":[{"name":"wp","href":"https:\/\/api.w.org\/{rel}","templated":true}]}}