{"id":7541,"date":"2010-05-05T13:35:00","date_gmt":"2010-05-05T11:35:00","guid":{"rendered":"https:\/\/lori.hr\/?p=7541"},"modified":"2023-05-13T13:36:09","modified_gmt":"2023-05-13T11:36:09","slug":"bijele-udovice","status":"publish","type":"post","link":"https:\/\/lori.hr\/en\/bijele-udovice\/","title":{"rendered":"Bijele udovice"},"content":{"rendered":"<div class=\"wp-block-media-text alignwide is-stacked-on-mobile\" style=\"grid-template-columns:38% auto\"><figure class=\"wp-block-media-text__media\"><img fetchpriority=\"high\" decoding=\"async\" width=\"300\" height=\"190\" src=\"https:\/\/lori.hr\/wp-content\/uploads\/2023\/05\/b_udovice_ovan.jpg\" alt=\"\" class=\"wp-image-7542 size-full\"\/><\/figure><div class=\"wp-block-media-text__content\">\n<p>U neuobi\u010dajenoj gu\u017evi sam u zadnje vrijeme i ispri\u010davam vam se zbog neorganiziranosti, lijenosti i nedostatka vremena (ali ne i \u017eelje) za pisanje kolumne. Ovo je tema koja kao ideja postoji ve\u0107 dugo. Sje\u0107am se da sam je obe\u0107ala stoje\u0107i za \u0161ankom u Lori na nekom tulumu ili dru\u017eenju. A to je bilo davno. Tema je u mojoj glavi uskrsnula neki dan kad ju je spomenula prijateljica a ja se sjetila da to nisam zapravo nikad napisala.<\/p>\n<\/div><\/div>\n\n\n\n<p>Da ne du\u017eim s uvodom \u2013 to je drag show. Ne znam znaju li gospo\u0111e udovice za taj koncept i jesu li se upustile u emisiju s mi\u0161lju o tome da je to drag. Ne znam je li potrebno biti svjestan da radi\u0161 drag show da bi to \u0161to radi\u0161 bilo drag show? Ho\u0107u re\u0107i, je li bitna svjesnost, osvje\u0161tenost i namjera?<\/p>\n\n\n\n<p>U kratkom razgovoru s prijateljicom koja ih je spomenula postavilo se to pitanje. Da li je svaki cross dressing drag (i da li je svako preobla\u010denje cross dressing?) ili je bit upravo u namjeri. Da li mora\u0161 znati \u0161to je drag queen da bi bio drag queen? Da li su cross dressirane ma\u0161kare koje defiliraju Korzom i bezbrojnim bo\u0107arskim i vatrogasnim domovima tzv. rije\u010dkog prstena drag? Pitanja se ponavljaju, mislim da ste shvatili bit i mislim da sam iscrpila svoju sposobnost da govorim jedno i isto na razli\u010dite na\u010dine. Prije\u0111imo na poku\u0161aj tra\u017eenja odgovora.<\/p>\n\n\n\n<p>Odgovor koji ja nudim i koji je moje mi\u0161ljenje, a \u010dini mi se da se gorespomenuta prijateljica nije s tim slo\u017eila, jest da nije svaka osoba odjevena u osobu suprotnog spola istovremeno i drag. Da, drag mora performirati. Svejedno, ni svaki performer odjeven u osobu suprotnog spola nije drag. Mislim da je bitno biti informiran o konceptu i zna\u010denju draga da bi se dragom bilo.<\/p>\n\n\n\n<p>Jer, u protivnom bi bo\u017eanska Sarah Bernhardt igraju\u0107i Hamleta tamo negdje na prijelazu 19. u 20. stolje\u0107e mogla biti drag. Iako se termin drag pojavio ve\u0107 u drugoj polovici 19. stolje\u0107a upravo u kazali\u0161nom \u017eargonu ali mi ovdje govorimo o dragu u queer \u017eargonu. Jednako tako bo\u017eanskoj Marlene Dietrich ve\u0107 ne bih mogla s toliko samopouzdanja odricati dragovstvo. Pa ne bih ni Bijelim udovicama jer, ponavljam, ne poznajem ih dovoljno, ni osobno ni kroz emisiju, da bih znala njihov stav i stupanj upoznatosti sa zna\u010denjem draga i performativnosti identiteta. Mo\u017eda znaju da su drag, mo\u017eda ne znaju. Ali bit ove mini rasprave je u tome da ako znaju onda jesu, a ako ne znaju onda nisu.<\/p>\n\n\n\n<p>U svakom slu\u010daju drag je vrlo zanimljiv i vrlo drag koncept. Bijele udovice manje. Ali ponekad se i u najve\u0107im banalnostima mo\u017ee na\u0107i ne\u0161to zanimljivo, mo\u017eda \u010dak i ne\u0161to bitno. Mo\u017eda je upravo atak popularnom kulturom put spasenja i prosvjetljenja. Ljude treba suo\u010diti s realno\u0161\u0107u \u2013 ima nas svakakvih. Ali na njima, a istovremeno i nama, prihvatljiv na\u010din. Kompromis. Ali takav da prete\u017ee na na\u0161u stranu, a da se to ne vidi. Lukavstvo. Populizam. Strategija. Marketing. Public relations. Ali sve u dobrom smislu rije\u010di, jer je s dobrom namjerom. Pa se nakon nekoliko uzastopnih gledanja BU i BB i QAF i TLW i&#8230;. ljudi kona\u010dno naviknemo i nakon prijeko potrebnog klika negdje u mozgu shvatimo da svijet nije onakav kakav mislimo da je, tradicionalan i \u0161abloniran. Svijet je druga\u010diji, samo trebamo prihvatiti tu \u010dinjenicu.<\/p>\n\n\n\n<p>K.Z.<\/p>","protected":false},"excerpt":{"rendered":"<p>U neuobi\u010dajenoj gu\u017evi sam u zadnje vrijeme i ispri\u010davam vam se zbog neorganiziranosti, lijenosti i nedostatka vremena (ali ne i \u017eelje) za pisanje kolumne. Ovo je tema koja kao ideja postoji ve\u0107 dugo. Sje\u0107am se da sam je obe\u0107ala stoje\u0107i za \u0161ankom u Lori na nekom tulumu ili dru\u017eenju. A to je bilo davno. Tema &hellip;<\/p>\n<p class=\"read-more\"> <a class=\"\" href=\"https:\/\/lori.hr\/en\/bijele-udovice\/\"> <span class=\"screen-reader-text\">Bijele udovice<\/span> Read More \u00bb<\/a><\/p>","protected":false},"author":7,"featured_media":0,"comment_status":"closed","ping_status":"closed","sticky":false,"template":"","format":"standard","meta":{"_uag_custom_page_level_css":"","site-sidebar-layout":"default","site-content-layout":"","ast-site-content-layout":"","site-content-style":"default","site-sidebar-style":"default","ast-global-header-display":"","ast-banner-title-visibility":"","ast-main-header-display":"","ast-hfb-above-header-display":"","ast-hfb-below-header-display":"","ast-hfb-mobile-header-display":"","site-post-title":"","ast-breadcrumbs-content":"","ast-featured-img":"","footer-sml-layout":"","theme-transparent-header-meta":"","adv-header-id-meta":"","stick-header-meta":"","header-above-stick-meta":"","header-main-stick-meta":"","header-below-stick-meta":"","astra-migrate-meta-layouts":"","footnotes":""},"categories":[78,66],"tags":[],"class_list":["post-7541","post","type-post","status-publish","format-standard","hentry","category-o-van","category-kolumne"],"uagb_featured_image_src":{"full":false,"thumbnail":false,"medium":false,"medium_large":false,"large":false,"1536x1536":false,"2048x2048":false,"trp-custom-language-flag":false},"uagb_author_info":{"display_name":"K.Z.","author_link":"https:\/\/lori.hr\/en\/author\/k-z\/"},"uagb_comment_info":0,"uagb_excerpt":"U neuobi\u010dajenoj gu\u017evi sam u zadnje vrijeme i ispri\u010davam vam se zbog neorganiziranosti, lijenosti i nedostatka vremena (ali ne i \u017eelje) za pisanje kolumne. Ovo je tema koja kao ideja postoji ve\u0107 dugo. Sje\u0107am se da sam je obe\u0107ala stoje\u0107i za \u0161ankom u Lori na nekom tulumu ili dru\u017eenju. A to je bilo davno. Tema&hellip;","_links":{"self":[{"href":"https:\/\/lori.hr\/en\/wp-json\/wp\/v2\/posts\/7541","targetHints":{"allow":["GET"]}}],"collection":[{"href":"https:\/\/lori.hr\/en\/wp-json\/wp\/v2\/posts"}],"about":[{"href":"https:\/\/lori.hr\/en\/wp-json\/wp\/v2\/types\/post"}],"author":[{"embeddable":true,"href":"https:\/\/lori.hr\/en\/wp-json\/wp\/v2\/users\/7"}],"replies":[{"embeddable":true,"href":"https:\/\/lori.hr\/en\/wp-json\/wp\/v2\/comments?post=7541"}],"version-history":[{"count":1,"href":"https:\/\/lori.hr\/en\/wp-json\/wp\/v2\/posts\/7541\/revisions"}],"predecessor-version":[{"id":7543,"href":"https:\/\/lori.hr\/en\/wp-json\/wp\/v2\/posts\/7541\/revisions\/7543"}],"wp:attachment":[{"href":"https:\/\/lori.hr\/en\/wp-json\/wp\/v2\/media?parent=7541"}],"wp:term":[{"taxonomy":"category","embeddable":true,"href":"https:\/\/lori.hr\/en\/wp-json\/wp\/v2\/categories?post=7541"},{"taxonomy":"post_tag","embeddable":true,"href":"https:\/\/lori.hr\/en\/wp-json\/wp\/v2\/tags?post=7541"}],"curies":[{"name":"wp","href":"https:\/\/api.w.org\/{rel}","templated":true}]}}