{"id":8082,"date":"2013-05-19T11:55:00","date_gmt":"2013-05-19T09:55:00","guid":{"rendered":"https:\/\/lori.hr\/?p=8082"},"modified":"2023-06-18T12:04:54","modified_gmt":"2023-06-18T10:04:54","slug":"odrzano-predavanje-o-homofobiji","status":"publish","type":"post","link":"https:\/\/lori.hr\/en\/odrzano-predavanje-o-homofobiji\/","title":{"rendered":"Na Filozofskom fakultetu odr\u017eano predavanje o homofobiji"},"content":{"rendered":"<p>Na Me\u0111unarodni dan borbe protiv homofobije i transfobije, 17. svibnja, na Filozofskom fakultetu Sveu\u010dili\u0161ta u Rijeci odr\u017eano je predavanje o dru\u0161tvenim aspektima\u00a0homofobije \/ transfobije te polo\u017eaju LGBT zajednice. U predavanju su sudjelovali povjesni\u010dar Franko Dota, Nenad Hla\u010da s Pravnog fakulteta u Rijeci te Jasminka Jureti\u0107 s Odsjeka za psihologiju na Filozofskom fakultetu u Rijeci.<\/p>\n\n\n\n<p>Kako se predavanje odr\u017ealo u organizaciji Pravobraniteljice za ravnopravnost spolova Republike Hrvatske i Lezbijske organizacije Rijeka LORI, a u suradnji s Odsjekom za psihologiju, prisutnima su se obratili i Danijela Almesberger iz Lezbijske organizacije Rijeka te Goran Selanec, zamjenik Pravobraniteljice za ravnopravnost spolova. Izlaganjima, kao i raspravom koja je nakon njih uslijedila, moderirala je Sanja Bari\u0107 s Pravnog fakulteta u Rijeci.<\/p>\n\n\n\n<p>O \u010demu je bilo rije\u010di, doznajte iz priloga:<\/p>\n\n\n\n<figure class=\"wp-block-embed is-type-video is-provider-youtube wp-block-embed-youtube wp-embed-aspect-16-9 wp-has-aspect-ratio\"><div class=\"wp-block-embed__wrapper\">\n<div class=\"ast-oembed-container\" style=\"height: 100%;\"><iframe title=\"MojaRijeka.hr - Dru\u0161tveni aspekti homofobije \/ transfobije i polo\u017eaj LGBT zajednice\" width=\"500\" height=\"281\" src=\"https:\/\/www.youtube.com\/embed\/NvFNep7qq7U?feature=oembed\" frameborder=\"0\" allow=\"accelerometer; autoplay; clipboard-write; encrypted-media; gyroscope; picture-in-picture; web-share\" referrerpolicy=\"strict-origin-when-cross-origin\" allowfullscreen><\/iframe><\/div>\n<\/div><\/figure>\n\n\n\n<p><a href=\"http:\/\/www.mojarijeka.hr\/vijesti\/na-filozofskom-fakultetu-odrzano-predavanje-o-homofobiji\/\" target=\"_blank\" rel=\"noreferrer noopener\">Moja Rijeka<\/a><\/p>","protected":false},"excerpt":{"rendered":"<p>Na Me\u0111unarodni dan borbe protiv homofobije i transfobije, 17. svibnja, na Filozofskom fakultetu Sveu\u010dili\u0161ta u Rijeci odr\u017eano je predavanje o dru\u0161tvenim aspektima\u00a0homofobije \/ transfobije te polo\u017eaju LGBT zajednice. U predavanju su sudjelovali povjesni\u010dar Franko Dota, Nenad Hla\u010da s Pravnog fakulteta u Rijeci te Jasminka Jureti\u0107 s Odsjeka za psihologiju na Filozofskom fakultetu u Rijeci. Kako &hellip;<\/p>\n<p class=\"read-more\"> <a class=\"\" href=\"https:\/\/lori.hr\/en\/odrzano-predavanje-o-homofobiji\/\"> <span class=\"screen-reader-text\">Na Filozofskom fakultetu odr\u017eano predavanje o homofobiji<\/span> Read More \u00bb<\/a><\/p>","protected":false},"author":1,"featured_media":8084,"comment_status":"closed","ping_status":"closed","sticky":false,"template":"","format":"standard","meta":{"_uag_custom_page_level_css":"","site-sidebar-layout":"default","site-content-layout":"","ast-site-content-layout":"","site-content-style":"default","site-sidebar-style":"default","ast-global-header-display":"","ast-banner-title-visibility":"","ast-main-header-display":"","ast-hfb-above-header-display":"","ast-hfb-below-header-display":"","ast-hfb-mobile-header-display":"","site-post-title":"","ast-breadcrumbs-content":"","ast-featured-img":"","footer-sml-layout":"","theme-transparent-header-meta":"","adv-header-id-meta":"","stick-header-meta":"","header-above-stick-meta":"","header-main-stick-meta":"","header-below-stick-meta":"","astra-migrate-meta-layouts":"","footnotes":""},"categories":[4],"tags":[],"class_list":["post-8082","post","type-post","status-publish","format-standard","has-post-thumbnail","hentry","category-vijesti"],"uagb_featured_image_src":{"full":["https:\/\/lori.hr\/wp-content\/uploads\/2023\/06\/Predavanje-homofobija.jpg",555,320,false],"thumbnail":["https:\/\/lori.hr\/wp-content\/uploads\/2023\/06\/Predavanje-homofobija-150x150.jpg",150,150,true],"medium":["https:\/\/lori.hr\/wp-content\/uploads\/2023\/06\/Predavanje-homofobija-300x173.jpg",300,173,true],"medium_large":["https:\/\/lori.hr\/wp-content\/uploads\/2023\/06\/Predavanje-homofobija.jpg",555,320,false],"large":["https:\/\/lori.hr\/wp-content\/uploads\/2023\/06\/Predavanje-homofobija.jpg",555,320,false],"1536x1536":["https:\/\/lori.hr\/wp-content\/uploads\/2023\/06\/Predavanje-homofobija.jpg",555,320,false],"2048x2048":["https:\/\/lori.hr\/wp-content\/uploads\/2023\/06\/Predavanje-homofobija.jpg",555,320,false],"trp-custom-language-flag":["https:\/\/lori.hr\/wp-content\/uploads\/2023\/06\/Predavanje-homofobija-18x10.jpg",18,10,true]},"uagb_author_info":{"display_name":"LORI","author_link":"https:\/\/lori.hr\/en\/author\/ikenji\/"},"uagb_comment_info":0,"uagb_excerpt":"Na Me\u0111unarodni dan borbe protiv homofobije i transfobije, 17. svibnja, na Filozofskom fakultetu Sveu\u010dili\u0161ta u Rijeci odr\u017eano je predavanje o dru\u0161tvenim aspektima\u00a0homofobije \/ transfobije te polo\u017eaju LGBT zajednice. U predavanju su sudjelovali povjesni\u010dar Franko Dota, Nenad Hla\u010da s Pravnog fakulteta u Rijeci te Jasminka Jureti\u0107 s Odsjeka za psihologiju na Filozofskom fakultetu u Rijeci. Kako&hellip;","_links":{"self":[{"href":"https:\/\/lori.hr\/en\/wp-json\/wp\/v2\/posts\/8082","targetHints":{"allow":["GET"]}}],"collection":[{"href":"https:\/\/lori.hr\/en\/wp-json\/wp\/v2\/posts"}],"about":[{"href":"https:\/\/lori.hr\/en\/wp-json\/wp\/v2\/types\/post"}],"author":[{"embeddable":true,"href":"https:\/\/lori.hr\/en\/wp-json\/wp\/v2\/users\/1"}],"replies":[{"embeddable":true,"href":"https:\/\/lori.hr\/en\/wp-json\/wp\/v2\/comments?post=8082"}],"version-history":[{"count":1,"href":"https:\/\/lori.hr\/en\/wp-json\/wp\/v2\/posts\/8082\/revisions"}],"predecessor-version":[{"id":8085,"href":"https:\/\/lori.hr\/en\/wp-json\/wp\/v2\/posts\/8082\/revisions\/8085"}],"wp:featuredmedia":[{"embeddable":true,"href":"https:\/\/lori.hr\/en\/wp-json\/wp\/v2\/media\/8084"}],"wp:attachment":[{"href":"https:\/\/lori.hr\/en\/wp-json\/wp\/v2\/media?parent=8082"}],"wp:term":[{"taxonomy":"category","embeddable":true,"href":"https:\/\/lori.hr\/en\/wp-json\/wp\/v2\/categories?post=8082"},{"taxonomy":"post_tag","embeddable":true,"href":"https:\/\/lori.hr\/en\/wp-json\/wp\/v2\/tags?post=8082"}],"curies":[{"name":"wp","href":"https:\/\/api.w.org\/{rel}","templated":true}]}}