{"id":8587,"date":"2014-12-24T15:20:00","date_gmt":"2014-12-24T14:20:00","guid":{"rendered":"https:\/\/lori.hr\/?p=8587"},"modified":"2023-06-27T15:32:50","modified_gmt":"2023-06-27T13:32:50","slug":"25-godina-lezbijskog-pokreta-polet-i-burn-out-lezbijskih-aktivistkinja","status":"publish","type":"post","link":"https:\/\/lori.hr\/en\/25-godina-lezbijskog-pokreta-polet-i-burn-out-lezbijskih-aktivistkinja\/","title":{"rendered":"25 godina lezbijskog pokreta: polet i &#8216;burn out&#8217; lezbijskih aktivistkinja"},"content":{"rendered":"<p>Pred ulazak u novi milenij dru\u0161tveno politi\u010dka klima u Hrvatskoj se mijenja, lezbijska i LGBT scena sve se vi\u0161e osna\u017euje\u00a0i postaje spremna za nove oblike organiziranja. Pobjedom koalicije na tre\u0107esije\u010danjskim izborima 2000. stvaraju se uvjeti za osnivanjem legalnih lezbijskih aktivisti\u010dkih organizacija. U listopadu iste godine u Rijeci se osniva lezbijska grupa LORI.<\/p>\n\n\n\n<p>Njihova glavna koordinatorica&nbsp;<strong>Danijela Almesberger<\/strong>&nbsp;prisjetila se atmosfere koja je vladala unutar novopokrenute grupe.<\/p>\n\n\n\n<p>&#8220;Atmosfera je bila jako pozitivna, prijateljska, a vodila nas je \u017eelja da ne\u0161to promijenimo u dru\u0161tvu, pokrenemo neke inicijative koje dotad nisu postojale. U po\u010detku nas je bilo nekih petnaestak cura i neka prva ideja je bila da \u017eelimo stvoriti siguran prostor za na\u0161u zajednicu. Razmi\u0161ljale smo o radionicama, prostoru za dru\u017eenje i susrete, ali i o stvaranju Infoteke koja je u to vrijeme bila zaista bitan izvor informacija za LGBT populaciju. Ne\u0107u nikada zaboraviti koliko smo bile sretne kad smo kupile prve kompjutere, uredsku opremu i kakvo je zajedni\u0161tvo vladalo me\u0111u nama kada smo opremale prostor.&nbsp;<strong>Puno stvari su cure same izradile, stolice, male stolove, donosile smo postere, razglednice koje smo imale kod ku\u0107e.<\/strong>&nbsp;Vrlo brzo smo se krenule povezivati s grupama koje su postojale u regiji, a najvi\u0161e su nam pomogle Slovenke i slovenske LGBT organizacije&#8221;, prisje\u0107a se Almesberger.<\/p>\n\n\n\n<h2 class=\"wp-block-heading\">&#8220;Morali smo razmi\u0161ljati ho\u0107e li nas institucije odbiti jer smo iz lezbijske organizacije&#8221;<\/h2>\n\n\n\n<p>Pitamo je na koje su probleme nailazile u prvim godinama rada te kako je izgledao otpor lokalne sredine zbog pokretanja i djelovanja prve lezbijske organizacije u tom dijelu dr\u017eave.<\/p>\n\n\n\n<figure class=\"wp-block-image size-full\"><img fetchpriority=\"high\" decoding=\"async\" width=\"500\" height=\"375\" src=\"https:\/\/lori.hr\/wp-content\/uploads\/2023\/06\/danijela_almesberger03.jpg\" alt=\"\" class=\"wp-image-8589\" srcset=\"https:\/\/lori.hr\/wp-content\/uploads\/2023\/06\/danijela_almesberger03.jpg 500w, https:\/\/lori.hr\/wp-content\/uploads\/2023\/06\/danijela_almesberger03-300x225.jpg 300w, https:\/\/lori.hr\/wp-content\/uploads\/2023\/06\/danijela_almesberger03-150x113.jpg 150w, https:\/\/lori.hr\/wp-content\/uploads\/2023\/06\/danijela_almesberger03-16x12.jpg 16w\" sizes=\"(max-width: 500px) 100vw, 500px\" \/><figcaption class=\"wp-element-caption\"><em><sup>Danijela Almesberger (lijevo)<\/sup><\/em><\/figcaption><\/figure>\n\n\n\n<p>&#8220;Prije 15 godina je zaista bilo neko drugo vrijeme.\u00a0<strong>Sje\u0107am se da smo radile u zaklju\u010danom uredu zbog mogu\u0107nosti da nam neko upadne ili da nas provocira<\/strong>. Bilo je tada vi\u0161e neugodnih i uvredljivih telefonskih poziva. Nije bilo nekog &#8220;organiziranijeg&#8221; pritiska od gra\u0111ana, ali vladala je jedna druk\u010dija atmosfera. U to je vrijeme za nas bio izazov i\u0107i na neki sastanak s predstavnicima institucija ili \u010dak i organizacija, uvijek ste morali razmi\u0161ljati kako \u0107e ta osoba reagirati i ho\u0107e li \u0107e vas u startu odbiti jer ste iz lezbijske organizacije.\u00a0<strong>Velik je problem bio i to \u0161to nije bilo lako biti aut<\/strong>, pa \u010dak i odlazak na po\u0161tu predati preporu\u010denu po\u0161iljku gdje se zna da ste iz LORI je bio za nas zna\u010dajan &#8216;coming out&#8217;, Rijeka ipak nije velik grad i \u010de\u0161\u0107e se mo\u017ee desiti da nekog poznajete&#8221;.<\/p>\n\n\n\n<figure class=\"wp-block-embed is-type-video is-provider-youtube wp-block-embed-youtube wp-embed-aspect-4-3 wp-has-aspect-ratio\"><div class=\"wp-block-embed__wrapper\">\n<div class=\"ast-oembed-container\" style=\"height: 100%;\"><iframe title=\"LORI spot - Ljubav je ljubav (banned by national HTV)\" width=\"500\" height=\"375\" src=\"https:\/\/www.youtube.com\/embed\/OVRhblgcbPI?feature=oembed\" frameborder=\"0\" allow=\"accelerometer; autoplay; clipboard-write; encrypted-media; gyroscope; picture-in-picture; web-share\" referrerpolicy=\"strict-origin-when-cross-origin\" allowfullscreen><\/iframe><\/div>\n<\/div><\/figure>\n\n\n\n<p>Aktivistkinje grupe LORI u prvom razdoblju svog djelovanja najvi\u0161e su radile na senzibiliziranju i educiranju medija. &#8220;Od 2000. do 2005. smo pratile medije, reagirale, organizirale edukacije za medijske djelatnike. To smo nekako prepoznale kao prioritetno zbog velikog utjecaja medija na javnost te zbog toga \u0161to su&nbsp;<strong>tada mediji o pravima LGBT populacije pisali isklju\u010divo senzacionalisti\u010dki i povr\u0161no<\/strong>. Vrlo brzo smo krenule i s prvom nacionalnom kampanjom&nbsp;<strong>&#8216;Ljubav je ljubav&#8217;<\/strong>&nbsp;kako bismo pokrenule vidljivost i pri\u010du o ljudskim pravima LGB zajednice&#8221;, ka\u017ee Danijela Almesberger o prvoj velikoj kampanji jedne hrvatske LGBT organizacije.<\/p>\n\n\n\n<p>LORI su u po\u010detku najvi\u0161e podr\u017eali strani donatori \u2013 Global Fund for Women, Mama Cash i Astraea Foundation for Justice, no ve\u0107 nakon nekoliko godina dobile su i podr\u0161ku od Europske Unije i Vlade Republike Hrvatske. Vrlo brzo nakon registriranja udruge krenulo se i sa psihosocijalnim programom, pokrenuto je psiholo\u0161ko savjetovali\u0161te, radionice u cilju osna\u017eivanja zajednice, predavanja na Odjelu za psihologiju Filozofskog fakulteta.<\/p>\n\n\n\n<h2 class=\"wp-block-heading\">Sanja Juras \u2013 meta mr\u017enje desni\u010darskih politi\u010dkih perjanica<\/h2>\n\n\n\n<p>Po\u010detkom dvijetisu\u0107itih LGBT aktivizmom po\u010dela se baviti i&nbsp;<strong>Sanja Juras<\/strong>, jedna od pionirki hrvatskog lezbijskog pokreta, zaslu\u017ena za stvaranje pravnog tima Iskoraka i Kontre, izglasavanje Zakona o istospolnim zajednicama 2003. i mnoge druge akcije kojima se u zakonodavstvo poku\u0161avalo, ali i uspjelo implementirati odredbe protiv diskriminacije na temelju seksualne orijentacije.<\/p>\n\n\n\n<p>Sa svojim timom Juras se\u00a0<strong>godinama zalagala za \u017ertve zlo\u010dina iz mr\u017enje<\/strong>, istupaju\u0107i u ime LGBT zajednice koja je zahvaljuju\u0107i njenom zalaganju dobila odredbu o Zlo\u010dinu iz mr\u017enje, implementiranu u Kazneni zakon 2006. godine.<\/p>\n\n\n\n<figure class=\"wp-block-image size-full\"><img decoding=\"async\" width=\"500\" height=\"316\" src=\"https:\/\/lori.hr\/wp-content\/uploads\/2023\/06\/sanja_juras2.jpg\" alt=\"\" class=\"wp-image-8590\" srcset=\"https:\/\/lori.hr\/wp-content\/uploads\/2023\/06\/sanja_juras2.jpg 500w, https:\/\/lori.hr\/wp-content\/uploads\/2023\/06\/sanja_juras2-300x190.jpg 300w, https:\/\/lori.hr\/wp-content\/uploads\/2023\/06\/sanja_juras2-150x95.jpg 150w, https:\/\/lori.hr\/wp-content\/uploads\/2023\/06\/sanja_juras2-18x12.jpg 18w\" sizes=\"(max-width: 500px) 100vw, 500px\" \/><figcaption class=\"wp-element-caption\"><em><sup>Sanja Juras<\/sup><\/em><\/figcaption><\/figure>\n\n\n\n<p>Zbog svojeg javnog djelovanja i sudjelovanja u organizaciji kampanja, povorki ponosa, lezbijskih festivalima i razli\u010ditim gerilskim akcijama, Juras je godinama bila metom mr\u017enje desni\u010darskih politi\u010dkih perjanica, ali i dijela homofobne javnosti nesklone jednakopravnosti LGBT populacije u dru\u0161tvu. Danas je koordinatorica Pravnog tima Kontre, jedna od \u010dlanica Koordinacijskog odbora Kontre, a aktivna je i u Izvr\u0161nom odboru najve\u0107e i politi\u010dki najutjecajnije LGBT organizacije u Europi \u2013 ILGA Europe. Njezino svjedo\u010danstvo o godinama koje je provela zagovaraju\u0107i u javnoj sferi prava LGBT osoba na\u017ealost nismo mogli dobiti zbog prezauzetosti.<\/p>\n\n\n\n<p>Negdje u isto vrijeme u LGBT aktivizam ulazi i&nbsp;<strong>Jelena Po\u0161ti\u0107<\/strong>, osoba va\u017ena za pokretanje brojnih LGBT inicijativa u godinama koje su uslijedile.<\/p>\n\n\n\n<p>S LGBT aktivizmom Po\u0161ti\u0107 se susre\u0107e jo\u0161 krajem 90-ih, ali s aktivnijim radom zapo\u010dinje u udruzi Kontra, u vrijeme planiranja i osmi\u0161ljavanja prve Povorke ponosa. Pitamo ga \u010dega se sje\u0107a sa sastanaka koji su prethodili povijesnom prvom zagreba\u010dkom Prideu odr\u017eanom 2002.<\/p>\n\n\n\n<h2 class=\"wp-block-heading\">Velik dio LGBT zajednice 2002. bio je protiv odr\u017eavanja povorke<\/h2>\n\n\n\n<p>&#8220;S obzirom da se godinu dana ranije dogodio krvavi beogradski Pride, znali\/e smo da nam sigurnost sudionika mora biti po\u010detna to\u010dka. Da smo kojim slu\u010dajem bili\/e prvi, ponovio bi se isti scenarij. Va\u017eno je re\u0107i da nitko od nas do tada nije imao iskustva s javnim okupljanjem takve vrste, sve to bilo nam je potpuno novo&#8221;, ka\u017ee Po\u0161ti\u0107 koji pamti kako je velik dio LGBT zajednice u to vrijeme bio protiv odr\u017eavanja povorke.<\/p>\n\n\n\n<p>&#8220;Na forumu Gay hr-a\u00a0<strong>redali su se tih mjeseci negativno intonirani komentari, ljudi su bili skepti\u010dni, bio je u pitanju strah i internalizirana homofobija<\/strong>. Ali nismo se dali\/e smesti i insistirali\/e smo na va\u017enosti odr\u017eavanja prvog Pridea. Kao grupa smo bili\/e jako homogeni, povezani\/e i odlu\u010dni\/e. Mi smo jedni\/e drugima zajedno pisali\/e govore i vje\u017ebali\/e ih, trema i velik motiv su se izmjenjivali&#8221;, ka\u017ee Po\u0161ti\u0107 o zajedni\u0161tvu organizacijskog odbora prvog Pridea.<\/p>\n\n\n\n<figure class=\"wp-block-image size-full\"><img decoding=\"async\" width=\"450\" height=\"600\" src=\"https:\/\/lori.hr\/wp-content\/uploads\/2023\/06\/postic2.jpg\" alt=\"\" class=\"wp-image-8591\" srcset=\"https:\/\/lori.hr\/wp-content\/uploads\/2023\/06\/postic2.jpg 450w, https:\/\/lori.hr\/wp-content\/uploads\/2023\/06\/postic2-225x300.jpg 225w, https:\/\/lori.hr\/wp-content\/uploads\/2023\/06\/postic2-113x150.jpg 113w, https:\/\/lori.hr\/wp-content\/uploads\/2023\/06\/postic2-9x12.jpg 9w\" sizes=\"(max-width: 450px) 100vw, 450px\" \/><figcaption class=\"wp-element-caption\"><em><sup>Jelena Po\u0161ti\u0107<\/sup><\/em><\/figcaption><\/figure>\n\n\n\n<p>Jedan od problema s kojim su se suo\u010dili\/e organizatori\/ce prvog zagreba\u010dke povorke bila je i&nbsp;<strong>suradnja s policijom<\/strong>.<\/p>\n\n\n\n<p>&#8220;Krenuli smo tra\u017eiti dozvole, i\u0161li\/e na sastanke s policijom i osiguranjem. Naime, potro\u0161ili\/e smo jako puno novaca za privatno osiguranje jer je policija tra\u017eila da sami osiguramo skup iznutra. Naravno da su strahovali od razli\u010ditih scenarija i mogu\u0107ih nasilnih incidenata, prva povorka i njima je bila organizacijski velik izazov. Sje\u0107am se da je na prve pregovore s policijom i\u0161la&nbsp;<strong>Hela Liveri\u0107<\/strong>&nbsp;koja se sa sastanka vratila s detaljnim rasporedom Zrinjevca i skicom rute i kretanja. Taj dio uvijek je kasnije bila stvar policijske diskrecije, a plan koji je ona tada uspjela izvu\u0107i je do danas najve\u0107i broj informacija koji smo ikad dobili\/e.&#8221;<\/p>\n\n\n\n<p>Policija je, tvrdi Po\u0161ti\u0107, jako dugo imala velik utjecaj na javno mnijenje zbog na\u010dina na koji su bili vidljivi na ulicama za vrijeme odr\u017eavanja Pridea.<\/p>\n\n\n\n<p>&#8220;<strong>Godinama su postavljali pregust kordon<\/strong>&nbsp;oko rute kojom se kretala povorka. Mi nikad nismo tra\u017eili\/e toliki raspored policijskog osiguranja, a upravo on je bio dio najve\u0107ih javnih prijepora oko smisla odr\u017eavanja Pridea i novca koje se za to izdvaja&#8221;. Tjednima prije aktivisti iz Kontre i Iskoraka pozivali\/e su istomi\u0161ljenike\/ce da im se pridru\u017ee na povorci.<\/p>\n\n\n\n<p>&#8220;Umre\u017eavali\/e smo se doslovno sa svim skupinama s kojima smo imali\/e dobre odnose, slali\/e pozive i tra\u017eili\/e potvrde o dolasku. Ra\u010dunali\/e smo na sve s kojima smo bili\/e solidarni, koristili\/e smo \u0161iroku frontu savezni\u0161tava. Za Pride je bila va\u017ena velika podr\u0161ka feministi\u010dke scene, ona je bila ta koja je dala resurse,&nbsp;<strong>CESI, Centar za \u017eenske studije, Centar za \u017eene \u017ertve rata<\/strong>, brojne feministi\u010dke skupine i organizacije, svi oni uglavnom su sa\u010dinjavali tu povorku, nas koji smo bili queer u povorci je bilo tek 30-tak.&#8221; Po\u0161ti\u0107 je jedna od tri osobe koji su na Prajdu 2002. nosili prvi transparent. Pitamo ga kako se tada osje\u0107ao.<\/p>\n\n\n\n<h2 class=\"wp-block-heading\">&#8220;Sva\u0161ta je letjelo na nas, a onda je pao i prvi suzavac&#8221;<\/h2>\n\n\n\n<p>&#8220;Na prvom transparentu nas je bilo troje i svi smo bili rodno nenormativni. Nismo se prije dogovarali oko toga, imao sam osje\u0107aj da se&nbsp;<strong>nitko nije ba\u0161 gurao oko toga da uzme taj transparent<\/strong>. Ispostavilo se da smo svoje troje bili na neki na\u010din na margini, s obzirom na svoju rodnu nenormativnost i rekao bih da smo zato manjim intenzitetom do\u017eivljavali\/e strah od javnog izlaganja i mr\u017enje usmjerene protiv nas. Sljede\u0107ih par godina uklju\u010divali su se i ostali\/e na prvi transparent.&nbsp;<strong>Sje\u0107am se da nas je bilo strah jer kad si prvi ti prvi skuplja\u0161 svu tu energiju u javnom prostoru, nisi za\u0161ti\u0107en u grupi, hoda\u0161 i malo se trese\u0161 iako zna\u0161 za\u0161to si tu<\/strong>. Sje\u0107am se da nas je tada neki policajac u civilu bodrio i govorio nam da \u0107e biti sve u redu.&#8221;<\/p>\n\n\n\n<p>Usto, Po\u0161ti\u0107 smatra da je indikativno da su prvi transparent nosili ljudi koji su unutar pokreta bili najizlo\u017eeniji izljevima netrpeljivosti i mr\u017enje. &#8220;Margina uvijek nosi stvar&#8221;, tvrdi i te\u0161ko je ne slo\u017eiti se s tim.<\/p>\n\n\n\n<figure class=\"wp-block-embed is-type-video is-provider-youtube wp-block-embed-youtube wp-embed-aspect-4-3 wp-has-aspect-ratio\"><div class=\"wp-block-embed__wrapper\">\n<div class=\"ast-oembed-container\" style=\"height: 100%;\"><iframe title=\"Gay Pride Zagreb 2002 (with subtitles)\" width=\"500\" height=\"375\" src=\"https:\/\/www.youtube.com\/embed\/DFF1rAWf3pQ?feature=oembed\" frameborder=\"0\" allow=\"accelerometer; autoplay; clipboard-write; encrypted-media; gyroscope; picture-in-picture; web-share\" referrerpolicy=\"strict-origin-when-cross-origin\" allowfullscreen><\/iframe><\/div>\n<\/div><\/figure>\n\n\n\n<p>Prisje\u0107a se i nasilnih reakcija koje su pratile prvu Povorku.<\/p>\n\n\n\n<p>&#8220;Lijepo je bilo da nam je par ljudi mahnulo, ali sva\u0161ta je letjelo na nas, vratili\/e smo se na Zrinjevac i imali\/e smo osje\u0107aj da smo uspjeli\/e. Kad smo se tamo okupili\/e, trebao sam krenuti na pozornicu i onda je pao prvi suzavac, bilo je jako re\u0107i ne\u0161to u tom trenutku.&nbsp;<strong>Nastavili\/e smo govoriti, a masa izvan povorke je hu\u010dala, vikali su i zvi\u017edali.<\/strong>&nbsp;Nismo znali\/e da \u0107emo biti tako nadglasani\/e, imali\/e smo tek jedan ili dva mikrofona.&#8221;&nbsp;<\/p>\n\n\n\n<p>&#8220;Prvi Pride dao je krila LGBT pokretu, iste godine su LORI imale kampanju &#8216;Ljubav je ljubav&#8217;, mislim da je to jedna od najva\u017enijih godina za hrvatski LGBT aktivizam. To je definitivno osna\u017eilo i Kontru, dovelo nove ljude u pokret, krenulo se s akcijama, radionicama, tribinama. Znale smo da je najva\u017eniji kontinuitet te da \u0107e sama \u010dinjenica da se Pride organizira iz godine u godinu odr\u017eati kredibilitet pokreta, ideja i poruka koje je smo slali\/e&#8221;, ka\u017ee Po\u0161ti\u0107 koji smatra da se kroz organizaciju povorki ponosa lezbijski pokret znatno osna\u017eio.&nbsp;<\/p>\n\n\n\n<h2 class=\"wp-block-heading\">Kontra nije iskoristila svoju snagu i kapacitete za daljnji razvoj lezbijske i queer zajednice<\/h2>\n\n\n\n<p>Danas, s vremenske distance Po\u0161ti\u0107 smatra kako u godinama koje su slijedile Kontra nije iskoristila svoju snagu i kapacitete za daljnjim razvojem lezbijske i queer zajednice. &#8220;Postala je s vremenom zatvorena u samu sebe, ljudi su krenuli izlaziti iz Kontre izme\u0111u 2004. i 2006. Organizacija se prestala baviti interesima LGBT populacije, ve\u0107 su se njom po\u010dele slu\u017eiti pojedinke za vlastite interese.&#8221;<\/p>\n\n\n\n<p>Iskustva i lekcije ste\u010dene u Kontri Po\u0161ti\u0107 je prenio u Zagreb Pride.<\/p>\n\n\n\n<p>&#8220;Za Zagreb Pride bilo je, smatra Jelena, klju\u010dno organiziranje prema feministi\u010dkim principima i prije svega uklju\u010divost ljudi razli\u010ditih identiteta i orijentacija u organizacijski odbor. &#8220;Bilo je i ostalo va\u017eno da se Prideu moraju mo\u0107i priklju\u010diti novi ljudi&#8221;, smatra na\u0161 sugovornik, ujedno i \u010dlan koordinacijskog odbora Zagreb Pridea.<\/p>\n\n\n\n<p>Jedna od na\u0161ih sugovornica je i&nbsp;<strong>Sanda Brumen<\/strong>, organizatorica&nbsp;<strong>&#8220;kriznog&#8221; \u010detvrtog Pridea<\/strong>, danas jedna od koordinatorica Kontre. Pitamo je da se prisjeti vremena u kojemu se po\u010dela baviti LGBT aktivizmom.<\/p>\n\n\n\n<p>&#8220;U aktivizam sam nesvjesno u\u0161la kada sam 2004. na \u017denskim studijima upoznala zna\u010dajan broj \u017eena s kojima sam dijelila strast prema feminizmu i aktivizmu. U na\u0161im dru\u017eenjima izrasla je neformalna feministi\u010dka skupina&nbsp;<strong>Epikriza<\/strong>, a dio te ekipe odlu\u010dio je organizirati Zagreb Pride 2005. Sve je to bilo nadobudno, nabrijano, neformalno, s vjerom u bolju budu\u0107nost, van projektnog aktivizma; i to pamtim kao meni najdra\u017ei period aktivizma. Nakon toga sam po\u010dela raditi u Kontri i ostala do danas.&#8221;<\/p>\n\n\n\n<p>Pitamo je i da se prisjeti okolnosti u kojima je neformalna organizacija Epikriza spasila Pride.<\/p>\n\n\n\n<figure class=\"wp-block-image size-full\"><img loading=\"lazy\" decoding=\"async\" width=\"500\" height=\"385\" src=\"https:\/\/lori.hr\/wp-content\/uploads\/2023\/06\/sandabrumen2.jpg\" alt=\"\" class=\"wp-image-8593\" srcset=\"https:\/\/lori.hr\/wp-content\/uploads\/2023\/06\/sandabrumen2.jpg 500w, https:\/\/lori.hr\/wp-content\/uploads\/2023\/06\/sandabrumen2-300x231.jpg 300w, https:\/\/lori.hr\/wp-content\/uploads\/2023\/06\/sandabrumen2-150x116.jpg 150w, https:\/\/lori.hr\/wp-content\/uploads\/2023\/06\/sandabrumen2-16x12.jpg 16w\" sizes=\"(max-width: 500px) 100vw, 500px\" \/><figcaption class=\"wp-element-caption\"><sup><em>Sanda Brumen<\/em>\u00a0<\/sup><\/figcaption><\/figure>\n\n\n\n<p>&#8220;Da, te godine se&nbsp;<strong>skoro desila situacija da nema Pridea<\/strong>. Mi u Epikrizi smo bile mlade i nabrijane, i nikako nismo pristajale na takvu situaciju. Sve se ispo\u010detka \u010dinilo potpuno nerealnim, jer nijedna od nas nije imala aktivisti\u010dkog iskustva, ali odlu\u010dile smo poku\u0161ati. Najprije smo se na\u0161le s aktivistkinjama koje su organizirale dotada\u0161nje povorke. One su nam dale mnogo korisnih savjeta, podr\u0161ku, te smo se primile tog vru\u0107eg kestena. Totalno smo bile svje\u017ee aktivizmu, ali obavljale smo sve: pisanje dopisa, razgovore s gradom, policijom, za\u0161titarima. Nailazile smo na bezbroj prepreka; policija koja nije bila odu\u0161evljena jo\u0161 jednim Prideom dala nam pristanak tek dan prije odr\u017eavanja, mu\u010dio nas je nedostatak nov\u010danih sredstava. Na kraju smo dobile financijsku podr\u0161ku od Kontre i \u017denskih studija i time smo pokrile tro\u0161kove za\u0161titara koje smo bile du\u017ene unajmiti.&nbsp;<strong>Nije bilo nikakvog programa na kraju povorke jer nismo imale ni vremena ni novaca<\/strong>. Sve \u0161to smo stigle u tri tjedna napraviti je da povorka te godine pro\u0111e kroz grad i da se Pride odr\u017ei. Nas organizatorice je bilo strah i nije nam bilo svejedno jer smo znale da nosimo odgovornost za cijelu povorku i ljude koji su do\u0161li. To su bila tri intenzivna tjedna, radile smo od jutra do nave\u010der a onda bi no\u0107u sastan\u010dile i odre\u0111ivale akcije i poslove za idu\u0107i dan.&#8221;<\/p>\n\n\n\n<h2 class=\"wp-block-heading\">Kad se u sve umije\u0161a POA<\/h2>\n\n\n\n<p>Sanda Brumen je vjerojatno&nbsp;<strong>jedina LGBT aktivistkinja u nas koju su ispitivale tajne slu\u017ebe<\/strong>. Naime, nekoliko dana prije Pridea 2005. na &#8220;neformalni&#8221; razgovor u kafi\u0107 Atrij pozvala ju je&nbsp;<strong>stanovita Vi\u0161nja, agentica POA-e<\/strong>&nbsp;koje ju je ispitivala o stavovima organizatora povorke, a poku\u0161ala je dobiti informacije i o njezinom privatnom \u017eivotu.<\/p>\n\n\n\n<p>&#8220;Pitala sam je za razlog na\u0161eg razgovora, odgovorila mi je da je zanimaju na\u0161i stavovi. Sje\u0107am se da je to objasnila na pomalo \u010dudan na\u010din, da to\u010dno \u017eeli znati kakvi su na\u0161i stavovi da bi nas mogla razlikovati od drugih koji bi mo\u017eda la\u017eno istupali pod na\u0161im imenom. Rekla je i da razgovor ne snima, jer za snimanje treba imati dozvolu&#8221;, rekonstruira Sanda Brumen razgovor s POA-inom agenticom.<\/p>\n\n\n\n<p>Agenticu su zanimali razlozi zbog kojih se te godine organizacijom Pridea nisu pozabavili Iskorak ili Kontra. Sandi Brumen je kazala i kako su &#8220;osobe koje su organizirale Pride godinu ranije (dakle 2004.) slale izvje\u0161\u0107a me\u0111unarodnim tijelima u kojima su iznosili subjektivne stavove, pa se dobila kriva slika o ljudskim pravima u Hrvatskoj. Zanimalo ju je li svjesna takvih istupa i zna li i neke druge nevladine organizacije pi\u0161u izvje\u0161\u0107a o ljudskim pravima koja proslje\u0111uju me\u0111unarodnim tijelima.<\/p>\n\n\n\n<p>Agentica je Sandi uputila i nekoliko pitanja vezanih za njezin privatni \u017eivot. Naime, nekoliko puta pitala ju je \u017eivi li u lezbijskoj zajednici. &#8220;Odbila sam odgovoriti s obrazlo\u017eenjem da je to moja privatna stvar koja nema nikakve veze s organizacijom Pridea kao temom na\u0161eg sastanka.<\/p>\n\n\n\n<p>Kontra je tijekom godina radila na brojnim projektima, uspjela izgraditi knji\u017enicu Lezbib (koja je mnogim lezbijkama bila prvo mjesto susreta i dru\u017eenja), SOS telefon i savjetovali\u0161te za lezbijske i biseksualne \u017eene.<\/p>\n\n\n\n<p>&#8220;Jo\u0161 uvijek nismo prerasli diskriminaciju \u017eena i&nbsp;<strong>lezbijke su nevidljiva skupina unutar LGBT zajednice i cjelokupnog dru\u0161tva<\/strong>, stoga je va\u017eno organizirati aktivnosti samo za lezbijke. I dan danas kada organiziramo neki doga\u0111aj koji je samo za \u017eene, uvijek dobivamo ista pitanja, negodovanja, negativne kritike te \u010du\u0111enja o separaciji \u017eena, naj\u010de\u0161\u0107e od mu\u0161karaca. Dokle god ima \u010du\u0111enja, zna\u010di da su \u017eenski prostori potrebni. Ono \u0161to je meni osobno najva\u017enije, je da postoji ba\u0161 lezbijska grupa koja to nosi u svom imenu, \u010dine\u0107i lezbijke vidljivima. Tada se mo\u017eemo koncentrirati ba\u0161 na specifi\u010dne probleme i polo\u017eaj lezbijki. \u010cini me da danas nije trendi koristiti rije\u010d lezbijka u aktivizmu, ve\u0107 se radije koriste LGBT, queer i sli\u010dno, no smatram da je ba\u0161 zbog patrijarhalnog dru\u0161tva u kojem \u017eivimo va\u017eno koristiti tu rije\u010d. Ona je mo\u0107na, politi\u010dna, jaka i odzvanja kad je naglas izgovorite u heteronormativnom i patrijarhalnom okru\u017eenju&#8221;, podvla\u010di Sanda.<\/p>\n\n\n\n<h2 class=\"wp-block-heading\">Nova generacija aktivistkinja<\/h2>\n\n\n\n<p>Pri\u010du o \u010detvrt stolje\u0107a lezbijskog aktivizma zaklju\u010diti\u0107emo s novom generacijom aktivistkinja iz redova Zagreb Pridea:&nbsp;<strong>Mateom Popov<\/strong>&nbsp;and&nbsp;<strong>Anom Brakus<\/strong>.&nbsp;<\/p>\n\n\n\n<p>Matea Popov svoje je aktivisti\u010dko djelovanje zapo\u010dela snimanjem promo spota&nbsp;<strong>&#8220;Ima\u0161 hrabrosti&#8221;<\/strong>&nbsp;<strong>za Zagreb Pride 2008.&nbsp;<\/strong><\/p>\n\n\n\n<p>&#8220;Te iste godine trebala sam oti\u0107i na svoju prvu Povorku ponosa, ali ironi\u010dno s obzirom na slogan Povorke 2008. &#8216;Ima\u0161 hrabrostI&#8217;, nisam imala hrabrosti. Ostala sam kod ku\u0107e i preko medija pratila \u0161to se doga\u0111a, a nakon sam oti\u0161la na post-Pride party. Beskrajno mi je bilo \u017eao \u0161to nisam oti\u0161la i nekako sam se tada sama sa sobom dogovorila da je to zadnji Pride na kojem nisam bila. Godinu nakon toga pratila sam sve \u0161to Zagreb Pride radi i volontirala, ali tek na izradi transparenata i nekim sitnim poslovima pred samu Povorku. Vrlo brzo sam po\u010dela raditi i baviti se aktivizmom u puno ve\u0107em obimu no \u0161to sam sama od sebe o\u010dekivala. Ispunjavao me taj osje\u0107aj borbe za ne\u0161to u \u0161to vjerujem i svi rezultati koji su meni bili vidljivi iz dana u dan \u2013 od osna\u017eenije zajednice, \u017eurki gdje se svi bondaju do toga da sam i sama postajala sve slobodnija za \u017eivjeti svoj identitet. 2010. godina po meni je najzna\u010dajnija po tome \u0161to sam te godine pokrenula Queer2Queer \u2013 peer grupe podr\u0161ka za mlade LGBT osobe koje evo, ba\u0161 za nekoliko dana, slavi \u010detiri godine postojanja, sada pod vodstvom&nbsp;<strong>Marine Milkovi\u0107<\/strong>&#8220;, ka\u017ee Popov koja se Zagreb Prideu sna\u017enije aktivirala godinu dana kasnije nakon \u0161to se zaposlila na EU projektu Zagreb Pridea.<\/p>\n\n\n\n<p>&#8220;Tih godina koordinirala sam i Udrugu. Imala sam priliku raditi stvari koje OOPP sam po sebi nije sadr\u017eavao: edukaciju policijskih slu\u017ebenika, gostuju\u0107a predavanja na fakultetima, pravosudnoj akademiji i sli\u010dno. Ipak, meni omiljena akcija te godine je osnivanje grupe podr\u0161ke za LGBT roditelje i one koji to \u017eele postati. Tako se nekako &#8216;zarolao&#8217; moj aktivisti\u010dki rad, po\u010dela sam raditi i PR, koordinirati udrugu, sudjelovati u najrazli\u010ditijim akcijama \u2013 od onih uli\u010dnih do nekih visoko politi\u010dkih. Godine 2012. i 2013. koordinirala sam OOPP i mogu re\u0107i da je to dio koji me \u010dini najponosnijom &#8211; stvoriti ne\u0161to od nule, s ljudima koji se me\u0111usobno niti ne poznaju i napraviti toliko kreativne doga\u0111aje koji okupe od nekoliko stotina do desetak tisu\u0107a ljudi.<\/p>\n\n\n\n<figure class=\"wp-block-embed is-type-video is-provider-youtube wp-block-embed-youtube wp-embed-aspect-16-9 wp-has-aspect-ratio\"><div class=\"wp-block-embed__wrapper\">\n<div class=\"ast-oembed-container\" style=\"height: 100%;\"><iframe title=\"Zagreb Pride 2012 - Videopri\u010da by crol.hr\" width=\"500\" height=\"281\" src=\"https:\/\/www.youtube.com\/embed\/u3kEvfSdsAI?feature=oembed\" frameborder=\"0\" allow=\"accelerometer; autoplay; clipboard-write; encrypted-media; gyroscope; picture-in-picture; web-share\" referrerpolicy=\"strict-origin-when-cross-origin\" allowfullscreen><\/iframe><\/div>\n<\/div><\/figure>\n\n\n\n<h2 class=\"wp-block-heading\">&#8220;Izi\u0161la sam iz Zagreb Pridea zbog hijerarhijske i patrijarhalne strukture&#8221;<\/h2>\n\n\n\n<p>No, Mateinom anga\u017emanu u Zagreb Prideu nedavno je do\u0161ao kraj. Zamolili smo je da komentira okolnosti koje su do toga dovele.<\/p>\n\n\n\n<p>&#8220;Sa \u017ealjenjem moram re\u0107i da nisam iza\u0161la iz aktivizma niti iz Udruge jer nisam imala \u017eelje, volje ili inspiracije za vi\u0161e raditi, niti da sam iza\u0161la jer sam se posvetila svojoj karijeri \u2013 uvijek sam nekako mislila da \u0107u sebe kao psihologinju i sebe kao aktivistkinju unutar Zagreb Pridea ostvariti kroz razne programe kroz koje je to mogu\u0107e. Iza\u0161la sam iz Udruge zbog hijerarhijske i patrijahalne strukture koja \u017eenama i mladim osobama naprosto\u00a0<strong>postavi &#8216;stakleni strop&#8217; iznad kojega ne mogu i\u0107i.<\/strong>\u00a0Naravno, postoji uvijek mogu\u0107nost da u\u0111e\u0161 u borbe mo\u0107i i poku\u0161a\u0161 se izboriti za svoje mjesto. Te\u0161ko je objasniti te strukture mo\u0107i i koliko su one \u010dvrste, a nekako na kraju (kao i svugdje) do\u0111e na to da eto ba\u0161 slu\u010dajno \u017eene odlaze, a mu\u0161karci ostaju, da se programi koje rade \u017eene tretiraju kao &#8216;tamo neke radionice i neka dru\u017eenja&#8217;, a programi koje rade mu\u0161karci kao &#8216;spa\u0161avanje svijeta i visoka politika&#8217;, tvrdi Matea koja priznaje kako jo\u0161 u potpunosti nije poslo\u017eila dojmove svog odlaska. Razo\u010daralo ju je, ka\u017ee, to \u0161to je mislila da je Zagreb Pride dio svemira u kojemu su stvari malo druga\u010dije i u kojemu takvo ne\u0161to se ne\u0107e dogoditi.<\/p>\n\n\n\n<figure class=\"wp-block-image size-full\"><img loading=\"lazy\" decoding=\"async\" width=\"800\" height=\"600\" src=\"https:\/\/lori.hr\/wp-content\/uploads\/2023\/06\/martasusak_teajakasa_mateapopov.jpg\" alt=\"\" class=\"wp-image-8588\" srcset=\"https:\/\/lori.hr\/wp-content\/uploads\/2023\/06\/martasusak_teajakasa_mateapopov.jpg 800w, https:\/\/lori.hr\/wp-content\/uploads\/2023\/06\/martasusak_teajakasa_mateapopov-300x225.jpg 300w, https:\/\/lori.hr\/wp-content\/uploads\/2023\/06\/martasusak_teajakasa_mateapopov-150x113.jpg 150w, https:\/\/lori.hr\/wp-content\/uploads\/2023\/06\/martasusak_teajakasa_mateapopov-768x576.jpg 768w, https:\/\/lori.hr\/wp-content\/uploads\/2023\/06\/martasusak_teajakasa_mateapopov-16x12.jpg 16w\" sizes=\"(max-width: 800px) 100vw, 800px\" \/><figcaption class=\"wp-element-caption\"><em><sup>Marta \u0160u\u0161ak, Tea Jaka\u0161a i Matea Popov<\/sup><\/em><\/figcaption><\/figure>\n\n\n\n<p>&#8220;No, doga\u0111alo se to i prije mene (kad sam to odbijala vidjeti), doga\u0111a se sad, a vjerojatno \u0107e se i nastaviti doga\u0111ati. Unato\u010d re\u010denome, mislim da su lezbe prava snaga i bogatstvo na\u0161eg pokreta i sasvim sam sigurna da se ta snaga ne mo\u017ee zaustaviti niti jedim sustavom&#8221;, podvukla je Popov.<\/p>\n\n\n\n<p>Tekst o 25 godina lezbijskog pokreta zavr\u0161avamo kratkim razgovorom s&nbsp;<strong>Anom Brakus<\/strong>, pro\u0161logodi\u0161njom koordinatoricom Povorke ponosa.<\/p>\n\n\n\n<p>Prijelomnu to\u010dku u promi\u0161ljanju LGBT aktivizma za nju je, tvrdi, predstavljalo odr\u017eavanje prve splitske Povorke ponosa.<\/p>\n\n\n\n<h2 class=\"wp-block-heading\">&#8220;Uvijek treba mijenjati stvari nabolje i te\u017eiti ravnopravnijim odnosima mo\u0107i unutar na\u0161e zajednice, ali i \u0161ire&#8221;<\/h2>\n\n\n\n<p>&#8220;Na samoj Povorci, na\u017ealost, nisam sudjelovala, ali sasvim sigurno me u potpunosti osvijestila i na neki \u010dudnovat na\u010din ohrabrila. Neposredno nakon toga volontirala sam na raznim aktivnostima Zagreb Pridea u sklopu Tjedna ponosa, a godinu dana kasnije 2013. godine, uklju\u010dila sam se u Organizacijski odbor Povorke ponosa, gdje sam spletom okolnosti djelovala kao PR koordinatorica. Nakon slu\u017ebenog primanja u \u010dlanstvo udruge, koju sam tijekom 2014. godine i koordinirala u sklopu udruge organizirala sam razli\u010dite tribine i edukacije, sudjelovala u Inicijativi za \u017eivotno partnerstvo i jo\u0161 nekim aktivnostima te koordinirala Organizacijski odbor Povorke ponosa 2014. godine. Obje godine sudjelovanja u organizaciji Povorke predstavljaju nezaboravno i formiraju\u0107e iskustvo u mojem \u017eivotu.&#8221;<\/p>\n\n\n\n<p>O svom bavljenju LGBT aktivizmom Ana govori s mnogo \u017eara.<\/p>\n\n\n\n<p>&#8220;Te\u0161ko je opisati osje\u0107aj taj pripadnosti i ispunjenja koji se pojavi i pove\u0107ava iz dana u dan. Dojam da radite ne\u0161to va\u017eno, ne\u0161to \u0161to mijenja dru\u0161tvo u kojem \u017eivite nabolje, ne\u0161to u \u0161to vjerujete i na \u0161to ste ponosni, \u0161to mo\u017eda nikad niste mislili da \u0107ete raditi s takvim elanom, kreira nevjerojatan osje\u0107aj smislenosti i koristi.\u00a0<strong>Za mene je to predstavljalo sve \u010dime sam se ikada htjela baviti.<\/strong><\/p>\n\n\n\n<figure class=\"wp-block-image size-full\"><img loading=\"lazy\" decoding=\"async\" width=\"500\" height=\"398\" src=\"https:\/\/lori.hr\/wp-content\/uploads\/2023\/06\/anabrakus01.jpg\" alt=\"\" class=\"wp-image-8595\" srcset=\"https:\/\/lori.hr\/wp-content\/uploads\/2023\/06\/anabrakus01.jpg 500w, https:\/\/lori.hr\/wp-content\/uploads\/2023\/06\/anabrakus01-300x239.jpg 300w, https:\/\/lori.hr\/wp-content\/uploads\/2023\/06\/anabrakus01-150x119.jpg 150w, https:\/\/lori.hr\/wp-content\/uploads\/2023\/06\/anabrakus01-15x12.jpg 15w\" sizes=\"(max-width: 500px) 100vw, 500px\" \/><figcaption class=\"wp-element-caption\"><em><sup>Ana Brakus<\/sup><\/em><\/figcaption><\/figure>\n\n\n\n<p>Na pitanje o tome za\u0161to o svojem aktivizmu govori u pro\u0161lom vremenu, Ana odgovara:<\/p>\n\n\n\n<p>&#8220;Zapravo ne znam kako to\u010dno opisati svoj status u organizaciji gdje sam trenutno u podr\u017eavaju\u0107em, odnosno &#8211; neaktivnom \u010dlanstvu, a zapravo i dalje imam i volje, motivacije, ali i potrebe za sudjelovanjem, no \u010dini se da za to nema prostora. Premda dio odgovornosti za razvoj situacije zasigurno na nekoj razini snosim i sama,&nbsp;<strong>najve\u0107e \u017ealjenje osje\u0107am zbog toga \u0161to nisam prihvatila savjete i iskustva drugih<\/strong>&nbsp;koje su se na\u0161le u istoj ili sli\u010dnoj situaciji. Sve upu\u0107uje na to da se ovo stanje ne\u0107e mijenjati (ili da se barem ne\u0107e mijenjati nabolje). Me\u0111utim, to ne zna\u010di da se treba prestati truditi mijenjati stvari na bolje i te\u017eiti ravnopravnijim odnosima mo\u0107i unutar na\u0161e zajednice, ali i \u0161ire.&#8221;&nbsp;<\/p>\n\n\n\n<p>O\u010dito je da kraj ovog pregleda otvara nova pitanja u aktualnoj dinamici odnosa u najutjecajnijoj LGBT udruzi, no ostavimo ih za neki novi tekst u kojemu bi valjalo prostor za reakcije i polemiku ponuditi svim akterima u ovoj pri\u010di.&nbsp;<\/p>\n\n\n\n<p>Na kraju ostaje konstatirati kako su brojne lezbijske skupine, inicijative i pojedinke posljednjih dva i pol desetlje\u0107a svojim doprinosom u hrvatskom, ali i regionalnom LGBT pokretu pokazale odva\u017enost i ustrajnost za promjenom dru\u0161tvenih odnosa i javnih politika koje prije\u010de ravnopravnost i jednakost diskriminiranih skupina. Nova generacija aktivistkinja slobodna je u\u010diti na njihovim pogre\u0161kama i uspjesima.<\/p>\n\n\n\n<p><a href=\"http:\/\/www.crol.hr\/portal\/aktivizam-politika\/dogaaji\/6286-25-godina-lezbijskog-pokreta-polet-i-aktivistiki-burn-out-lezbijskih-aktivistkinja.html\" target=\"_blank\" rel=\"noreferrer noopener\">CroL Hr<\/a><\/p>\n\n\n\n<p>Prvi dio ovoga \u010dlanka mo\u017eete pro\u010ditati ovdje:<br><a href=\"https:\/\/lori.hr\/en\/25-godina-lezbijskog-pokreta-1\/\"><strong>25 godina lezbijskog pokreta: od Lila inicijative i ratnih godina do anarhisti\u010dkih dana Kontre<\/strong><\/a><\/p>","protected":false},"excerpt":{"rendered":"<p>Pred ulazak u novi milenij dru\u0161tveno politi\u010dka klima u Hrvatskoj se mijenja, lezbijska i LGBT scena sve se vi\u0161e osna\u017euje\u00a0i postaje spremna za nove oblike organiziranja. Pobjedom koalicije na tre\u0107esije\u010danjskim izborima 2000. stvaraju se uvjeti za osnivanjem legalnih lezbijskih aktivisti\u010dkih organizacija. U listopadu iste godine u Rijeci se osniva lezbijska grupa LORI. Njihova glavna koordinatorica&nbsp;Danijela &hellip;<\/p>\n<p class=\"read-more\"> <a class=\"\" href=\"https:\/\/lori.hr\/en\/25-godina-lezbijskog-pokreta-polet-i-burn-out-lezbijskih-aktivistkinja\/\"> <span class=\"screen-reader-text\">25 godina lezbijskog pokreta: polet i &#8216;burn out&#8217; lezbijskih aktivistkinja<\/span> Read More \u00bb<\/a><\/p>","protected":false},"author":1,"featured_media":8588,"comment_status":"closed","ping_status":"closed","sticky":false,"template":"","format":"standard","meta":{"_uag_custom_page_level_css":"","site-sidebar-layout":"default","site-content-layout":"","ast-site-content-layout":"","site-content-style":"default","site-sidebar-style":"default","ast-global-header-display":"","ast-banner-title-visibility":"","ast-main-header-display":"","ast-hfb-above-header-display":"","ast-hfb-below-header-display":"","ast-hfb-mobile-header-display":"","site-post-title":"","ast-breadcrumbs-content":"","ast-featured-img":"","footer-sml-layout":"","theme-transparent-header-meta":"","adv-header-id-meta":"","stick-header-meta":"","header-above-stick-meta":"","header-main-stick-meta":"","header-below-stick-meta":"","astra-migrate-meta-layouts":"","footnotes":""},"categories":[4],"tags":[],"class_list":["post-8587","post","type-post","status-publish","format-standard","has-post-thumbnail","hentry","category-vijesti"],"uagb_featured_image_src":{"full":["https:\/\/lori.hr\/wp-content\/uploads\/2023\/06\/martasusak_teajakasa_mateapopov.jpg",800,600,false],"thumbnail":["https:\/\/lori.hr\/wp-content\/uploads\/2023\/06\/martasusak_teajakasa_mateapopov-150x113.jpg",150,113,true],"medium":["https:\/\/lori.hr\/wp-content\/uploads\/2023\/06\/martasusak_teajakasa_mateapopov-300x225.jpg",300,225,true],"medium_large":["https:\/\/lori.hr\/wp-content\/uploads\/2023\/06\/martasusak_teajakasa_mateapopov-768x576.jpg",768,576,true],"large":["https:\/\/lori.hr\/wp-content\/uploads\/2023\/06\/martasusak_teajakasa_mateapopov.jpg",800,600,false],"1536x1536":["https:\/\/lori.hr\/wp-content\/uploads\/2023\/06\/martasusak_teajakasa_mateapopov.jpg",800,600,false],"2048x2048":["https:\/\/lori.hr\/wp-content\/uploads\/2023\/06\/martasusak_teajakasa_mateapopov.jpg",800,600,false],"trp-custom-language-flag":["https:\/\/lori.hr\/wp-content\/uploads\/2023\/06\/martasusak_teajakasa_mateapopov-16x12.jpg",16,12,true]},"uagb_author_info":{"display_name":"LORI","author_link":"https:\/\/lori.hr\/en\/author\/ikenji\/"},"uagb_comment_info":0,"uagb_excerpt":"Pred ulazak u novi milenij dru\u0161tveno politi\u010dka klima u Hrvatskoj se mijenja, lezbijska i LGBT scena sve se vi\u0161e osna\u017euje\u00a0i postaje spremna za nove oblike organiziranja. Pobjedom koalicije na tre\u0107esije\u010danjskim izborima 2000. stvaraju se uvjeti za osnivanjem legalnih lezbijskih aktivisti\u010dkih organizacija. U listopadu iste godine u Rijeci se osniva lezbijska grupa LORI. Njihova glavna koordinatorica&nbsp;Danijela&hellip;","_links":{"self":[{"href":"https:\/\/lori.hr\/en\/wp-json\/wp\/v2\/posts\/8587","targetHints":{"allow":["GET"]}}],"collection":[{"href":"https:\/\/lori.hr\/en\/wp-json\/wp\/v2\/posts"}],"about":[{"href":"https:\/\/lori.hr\/en\/wp-json\/wp\/v2\/types\/post"}],"author":[{"embeddable":true,"href":"https:\/\/lori.hr\/en\/wp-json\/wp\/v2\/users\/1"}],"replies":[{"embeddable":true,"href":"https:\/\/lori.hr\/en\/wp-json\/wp\/v2\/comments?post=8587"}],"version-history":[{"count":2,"href":"https:\/\/lori.hr\/en\/wp-json\/wp\/v2\/posts\/8587\/revisions"}],"predecessor-version":[{"id":8601,"href":"https:\/\/lori.hr\/en\/wp-json\/wp\/v2\/posts\/8587\/revisions\/8601"}],"wp:featuredmedia":[{"embeddable":true,"href":"https:\/\/lori.hr\/en\/wp-json\/wp\/v2\/media\/8588"}],"wp:attachment":[{"href":"https:\/\/lori.hr\/en\/wp-json\/wp\/v2\/media?parent=8587"}],"wp:term":[{"taxonomy":"category","embeddable":true,"href":"https:\/\/lori.hr\/en\/wp-json\/wp\/v2\/categories?post=8587"},{"taxonomy":"post_tag","embeddable":true,"href":"https:\/\/lori.hr\/en\/wp-json\/wp\/v2\/tags?post=8587"}],"curies":[{"name":"wp","href":"https:\/\/api.w.org\/{rel}","templated":true}]}}