{"id":9352,"date":"2023-11-22T14:08:05","date_gmt":"2023-11-22T13:08:05","guid":{"rendered":"https:\/\/lori.hr\/?p=9352"},"modified":"2023-11-22T14:10:44","modified_gmt":"2023-11-22T13:10:44","slug":"video-podcast-ja-sam-ogay-s-time","status":"publish","type":"post","link":"https:\/\/lori.hr\/en\/video-podcast-ja-sam-ogay-s-time\/","title":{"rendered":"Video podcast \u201eI'm oGay with it\u201c: Queer youth for parents and youth"},"content":{"rendered":"<p>As part of the project \"<a href=\"https:\/\/lori.hr\/en\/glasovi-mladih-za-drustvene-promjene-info\/\" target=\"_blank\" rel=\"noreferrer noopener\">Youth Voices for Social Changes<\/a>LORI youth worked diligently all throughout spring and summer on coming up with a new resource for informing and empowering LGBTI+ youth.<\/p>\n\n\n\n<p>Wanting to offer as much information to other youth and point to support resources, the group decided to create the video podcast \u201eI'm oGay with it\u201c and shape their messages towards parents of queer youth as well. In the video they talk about <em>coming out -<\/em>and how to handle reactions of parents and loved ones from their own perspective. Apart from that, the video offers a few pieces of advice to parents on how they can be supportive of their <em>queer<\/em> child, how they can build relationships based on understanding, and for youth where and who they can additionally contact.<\/p>\n\n\n\n<p>The video can be watched in Croatian with Croatian and English subtitles available. The whole video is on the <a href=\"https:\/\/www.youtube.com\/watch?v=7XtIM83piww&amp;list=PL73QHJA5NhHmDBeM3QeJjz7qzkyV_Nimi&amp;index=2\" target=\"_blank\" rel=\"noreferrer noopener\">LORI YouTube channel<\/a> and is worth being watched in detail. \ud83d\ude0a<\/p>\n\n\n\n<figure class=\"wp-block-embed is-type-video is-provider-youtube wp-block-embed-youtube wp-embed-aspect-16-9 wp-has-aspect-ratio\"><div class=\"wp-block-embed__wrapper\">\n<div class=\"ast-oembed-container\" style=\"height: 100%;\"><iframe title=\"Ja sam oGay s time!\" width=\"500\" height=\"281\" src=\"https:\/\/www.youtube.com\/embed\/7XtIM83piww?feature=oembed\" frameborder=\"0\" allow=\"accelerometer; autoplay; clipboard-write; encrypted-media; gyroscope; picture-in-picture; web-share\" referrerpolicy=\"strict-origin-when-cross-origin\" allowfullscreen><\/iframe><\/div>\n<\/div><\/figure>\n\n\n\n<p>Some clips that help turn the wheels regarding certain topics have been singled out and can also be found on the LORI YouTube channel:<\/p>\n\n\n\n<figure class=\"wp-block-embed is-type-video is-provider-youtube wp-block-embed-youtube wp-embed-aspect-16-9 wp-has-aspect-ratio\"><div class=\"wp-block-embed__wrapper\">\n<div class=\"ast-oembed-container\" style=\"height: 100%;\"><iframe title=\"Ja sam oGay s time: trenutak kad sam shvatila da nisam strejt\" width=\"500\" height=\"281\" src=\"https:\/\/www.youtube.com\/embed\/YNCDmEjWO6o?feature=oembed\" frameborder=\"0\" allow=\"accelerometer; autoplay; clipboard-write; encrypted-media; gyroscope; picture-in-picture; web-share\" referrerpolicy=\"strict-origin-when-cross-origin\" allowfullscreen><\/iframe><\/div>\n<\/div><\/figure>\n\n\n\n<p><\/p>\n\n\n\n<figure class=\"wp-block-embed is-type-video is-provider-youtube wp-block-embed-youtube wp-embed-aspect-16-9 wp-has-aspect-ratio\"><div class=\"wp-block-embed__wrapper\">\n<div class=\"ast-oembed-container\" style=\"height: 100%;\"><iframe title=\"Ja sam oGay s time: ako ste roditelj kvir djeteta\" width=\"500\" height=\"281\" src=\"https:\/\/www.youtube.com\/embed\/gEjBKOsyyX8?feature=oembed\" frameborder=\"0\" allow=\"accelerometer; autoplay; clipboard-write; encrypted-media; gyroscope; picture-in-picture; web-share\" referrerpolicy=\"strict-origin-when-cross-origin\" allowfullscreen><\/iframe><\/div>\n<\/div><\/figure>\n\n\n\n<p><\/p>\n\n\n\n<figure class=\"wp-block-embed is-type-video is-provider-youtube wp-block-embed-youtube wp-embed-aspect-16-9 wp-has-aspect-ratio\"><div class=\"wp-block-embed__wrapper\">\n<div class=\"ast-oembed-container\" style=\"height: 100%;\"><iframe title=\"Ja sam oGay s time: ja znam da moj sin nije gej\" width=\"500\" height=\"281\" src=\"https:\/\/www.youtube.com\/embed\/h-9q5GdYlTY?feature=oembed\" frameborder=\"0\" allow=\"accelerometer; autoplay; clipboard-write; encrypted-media; gyroscope; picture-in-picture; web-share\" referrerpolicy=\"strict-origin-when-cross-origin\" allowfullscreen><\/iframe><\/div>\n<\/div><\/figure>\n\n\n\n<p><\/p>\n\n\n\n<p>Youth from partner organisation Ljubljana Pride prepared an activist magazine to raise visibility of LGBTIQ+ topics for youth and came up with a digital calendar that follows important topics in human rights (for example IDAHOBIT, Pride month). We are thrilled by new ideas and initiatives and working with youth who inspire the community! \ud83d\ude0a<\/p>\n\n\n\n<figure class=\"wp-block-image size-full\"><img fetchpriority=\"high\" decoding=\"async\" width=\"700\" height=\"471\" src=\"https:\/\/lori.hr\/wp-content\/uploads\/2023\/11\/Ljubljana-Pride-mladi.jpg\" alt=\"\" class=\"wp-image-9358\" srcset=\"https:\/\/lori.hr\/wp-content\/uploads\/2023\/11\/Ljubljana-Pride-mladi.jpg 700w, https:\/\/lori.hr\/wp-content\/uploads\/2023\/11\/Ljubljana-Pride-mladi-300x202.jpg 300w, https:\/\/lori.hr\/wp-content\/uploads\/2023\/11\/Ljubljana-Pride-mladi-150x101.jpg 150w, https:\/\/lori.hr\/wp-content\/uploads\/2023\/11\/Ljubljana-Pride-mladi-18x12.jpg 18w\" sizes=\"(max-width: 700px) 100vw, 700px\" \/><figcaption class=\"wp-element-caption\"><sup><em>Youth of Ljubljana Pride<\/em><\/sup><\/figcaption><\/figure>\n\n\n\n<p class=\"has-small-font-size\"><em>The video podcast is part of the project \u2018Youth Voices for Social Changes\u2019 which is conducted by Project Coordinator Lesbian Organisation Rijeka \u2013 LORI and partner organisation Pride Parade Association from April 2022 until the end of November 2023. The project is worth 60.000 \u20ac, ensured through the financial support of European Union's Erasmus + Programme.<\/em><\/p>\n\n\n\n<figure class=\"wp-block-image size-full\"><img decoding=\"async\" width=\"500\" height=\"80\" src=\"https:\/\/lori.hr\/wp-content\/uploads\/2023\/11\/Glasovi-mladih-logotipi.jpg\" alt=\"\" class=\"wp-image-9360\" srcset=\"https:\/\/lori.hr\/wp-content\/uploads\/2023\/11\/Glasovi-mladih-logotipi.jpg 500w, https:\/\/lori.hr\/wp-content\/uploads\/2023\/11\/Glasovi-mladih-logotipi-300x48.jpg 300w, https:\/\/lori.hr\/wp-content\/uploads\/2023\/11\/Glasovi-mladih-logotipi-150x24.jpg 150w, https:\/\/lori.hr\/wp-content\/uploads\/2023\/11\/Glasovi-mladih-logotipi-18x3.jpg 18w\" sizes=\"(max-width: 500px) 100vw, 500px\" \/><\/figure>","protected":false},"excerpt":{"rendered":"<p>U sklopu projekta \u201eGlasovi mladih za dru\u0161tvene promjene\u201c mlade snage LORI kroz prolje\u0107e i ljeto marljivo su radile na osmi\u0161ljavanju novog resursa za informiranje i osna\u017eivanje LGBTI+ mladih. Sa \u017eeljom da drugim mladima pru\u017ee \u0161to vi\u0161e informacija i uka\u017eu na izvore podr\u0161ke, grupa je odlu\u010dila kreirati video podcast \u201eJa sam oGay s time\u201c te svoje &hellip;<\/p>\n<p class=\"read-more\"> <a class=\"\" href=\"https:\/\/lori.hr\/en\/video-podcast-ja-sam-ogay-s-time\/\"> <span class=\"screen-reader-text\">Video podcast \u201eI'm oGay with it\u201c: Queer youth for parents and youth<\/span> Read More \u00bb<\/a><\/p>","protected":false},"author":1,"featured_media":9357,"comment_status":"closed","ping_status":"closed","sticky":false,"template":"","format":"standard","meta":{"_uag_custom_page_level_css":"","site-sidebar-layout":"default","site-content-layout":"","ast-site-content-layout":"default","site-content-style":"default","site-sidebar-style":"default","ast-global-header-display":"","ast-banner-title-visibility":"","ast-main-header-display":"","ast-hfb-above-header-display":"","ast-hfb-below-header-display":"","ast-hfb-mobile-header-display":"","site-post-title":"","ast-breadcrumbs-content":"","ast-featured-img":"","footer-sml-layout":"","theme-transparent-header-meta":"","adv-header-id-meta":"","stick-header-meta":"","header-above-stick-meta":"","header-main-stick-meta":"","header-below-stick-meta":"","astra-migrate-meta-layouts":"set","footnotes":""},"categories":[25,16,4],"tags":[54,53,92],"class_list":["post-9352","post","type-post","status-publish","format-standard","has-post-thumbnail","hentry","category-glasovi-mladih","category-projekti","category-vijesti","tag-lgbt","tag-lgbt-mladi","tag-mladi-za-mlade"],"uagb_featured_image_src":{"full":["https:\/\/lori.hr\/wp-content\/uploads\/2023\/11\/LORI-mladi.jpg",800,526,false],"thumbnail":["https:\/\/lori.hr\/wp-content\/uploads\/2023\/11\/LORI-mladi-150x99.jpg",150,99,true],"medium":["https:\/\/lori.hr\/wp-content\/uploads\/2023\/11\/LORI-mladi-300x197.jpg",300,197,true],"medium_large":["https:\/\/lori.hr\/wp-content\/uploads\/2023\/11\/LORI-mladi-768x505.jpg",768,505,true],"large":["https:\/\/lori.hr\/wp-content\/uploads\/2023\/11\/LORI-mladi.jpg",800,526,false],"1536x1536":["https:\/\/lori.hr\/wp-content\/uploads\/2023\/11\/LORI-mladi.jpg",800,526,false],"2048x2048":["https:\/\/lori.hr\/wp-content\/uploads\/2023\/11\/LORI-mladi.jpg",800,526,false],"trp-custom-language-flag":["https:\/\/lori.hr\/wp-content\/uploads\/2023\/11\/LORI-mladi-18x12.jpg",18,12,true]},"uagb_author_info":{"display_name":"LORI","author_link":"https:\/\/lori.hr\/en\/author\/ikenji\/"},"uagb_comment_info":0,"uagb_excerpt":"U sklopu projekta \u201eGlasovi mladih za dru\u0161tvene promjene\u201c mlade snage LORI kroz prolje\u0107e i ljeto marljivo su radile na osmi\u0161ljavanju novog resursa za informiranje i osna\u017eivanje LGBTI+ mladih. Sa \u017eeljom da drugim mladima pru\u017ee \u0161to vi\u0161e informacija i uka\u017eu na izvore podr\u0161ke, grupa je odlu\u010dila kreirati video podcast \u201eJa sam oGay s time\u201c te svoje&hellip;","_links":{"self":[{"href":"https:\/\/lori.hr\/en\/wp-json\/wp\/v2\/posts\/9352","targetHints":{"allow":["GET"]}}],"collection":[{"href":"https:\/\/lori.hr\/en\/wp-json\/wp\/v2\/posts"}],"about":[{"href":"https:\/\/lori.hr\/en\/wp-json\/wp\/v2\/types\/post"}],"author":[{"embeddable":true,"href":"https:\/\/lori.hr\/en\/wp-json\/wp\/v2\/users\/1"}],"replies":[{"embeddable":true,"href":"https:\/\/lori.hr\/en\/wp-json\/wp\/v2\/comments?post=9352"}],"version-history":[{"count":3,"href":"https:\/\/lori.hr\/en\/wp-json\/wp\/v2\/posts\/9352\/revisions"}],"predecessor-version":[{"id":9362,"href":"https:\/\/lori.hr\/en\/wp-json\/wp\/v2\/posts\/9352\/revisions\/9362"}],"wp:featuredmedia":[{"embeddable":true,"href":"https:\/\/lori.hr\/en\/wp-json\/wp\/v2\/media\/9357"}],"wp:attachment":[{"href":"https:\/\/lori.hr\/en\/wp-json\/wp\/v2\/media?parent=9352"}],"wp:term":[{"taxonomy":"category","embeddable":true,"href":"https:\/\/lori.hr\/en\/wp-json\/wp\/v2\/categories?post=9352"},{"taxonomy":"post_tag","embeddable":true,"href":"https:\/\/lori.hr\/en\/wp-json\/wp\/v2\/tags?post=9352"}],"curies":[{"name":"wp","href":"https:\/\/api.w.org\/{rel}","templated":true}]}}